{"id":113497,"date":"2021-03-21T14:00:59","date_gmt":"2021-03-21T18:00:59","guid":{"rendered":"https:\/\/linitiative.ca\/International\/%ef%bb%bfbourita-recoit-son-homologue-guineen-ibrahima-khalil-kaba\/"},"modified":"2021-03-21T14:00:59","modified_gmt":"2021-03-21T18:00:59","slug":"%ef%bb%bfbourita-recoit-son-homologue-guineen-ibrahima-khalil-kaba","status":"publish","type":"post","link":"https:\/\/linitiative.ca\/International\/%ef%bb%bfbourita-recoit-son-homologue-guineen-ibrahima-khalil-kaba\/","title":{"rendered":"\ufeffBourita re\u00e7oit son homologue guin\u00e9en, Ibrahima Khalil Kaba"},"content":{"rendered":"<p class=\"has-text-color has-vivid-red-color c1\"><strong>Porteur d\u2019un message du pr\u00e9sident Alpha Cond\u00e9 \u00e0 SM le Roi<\/strong><\/p>\n<p class=\"has-text-color has-vivid-cyan-blue-color\"><strong>Le ministre des Affaires \u00e9trang\u00e8res, de la Coop\u00e9ration africaine et des Marocains r\u00e9sidant \u00e0 l\u2019\u00e9tranger, Nasser Bourita, a re\u00e7u vendredi le minist\u00e8re des Affaires \u00e9trang\u00e8res et des Guin\u00e9ens de l\u2019\u00e9tranger, Ibrahima Khalil Kaba, porteur d\u2019un message du pr\u00e9sident Alpha Cond\u00e9 \u00e0 Sa Majest\u00e9 le Roi Mohammed VI.<\/strong><\/p>\n<p>Lors d\u2019une conf\u00e9rence de presse tenue \u00e0 l\u2019issue des entretiens avec M. Bourita, M. Kaba a soulign\u00e9 que les relation entre le Royaume du Maroc et la Guin\u00e9e ont toujours \u00e9t\u00e9 \u00abtr\u00e8s sp\u00e9ciales\u00bb et se sont davantage renforc\u00e9es gr\u00e2ce aux \u00e9changes de visites des dirigeants des deux pays.<\/p>\n<p>M. Kaba, qui a choisi le Maroc pour sa premi\u00e8re visite officielle depuis sa nomination, a d\u00e9clar\u00e9 que \u00abnous savons, nous Guin\u00e9ens, que le Maroc a toujours \u00e9t\u00e9 l\u00e0 pour nous car les choses n\u2019\u00e9taient pas toujours tr\u00e8s simples\u00bb, exprimant, \u00e0 cet \u00e9gard, les remerciements du gouvernement guin\u00e9en et de son pr\u00e9sident au Royaume du Maroc et \u00e0 SM le Roi \u00abpour l\u2019appui qui nous a \u00e9t\u00e9 apport\u00e9 surtout lors de notre \u00e9pid\u00e9mie d\u00e9vastatrice d\u2019Ebola.\u00bb\u00a0 \u00abLe Maroc a \u00e9t\u00e9 l\u2019un des rares pays \u00e0 garder ses fronti\u00e8res et ses lignes a\u00e9riennes ouvertes, qui ont permis l\u2019acheminement du mat\u00e9riel humanitaire en Guin\u00e9e\u00bb, a rappel\u00e9 M. Kaba.<\/p>\n<p>Pour sa part, M. Bourita a soulign\u00e9 que la visite du responsable guin\u00e9en au Maroc refl\u00e8te la qualit\u00e9 et le caract\u00e8re \u00abexceptionnel et tr\u00e8s sp\u00e9cial\u00bb des relations relations bilat\u00e9rales, lesquelles sont port\u00e9es par Sa Majest\u00e9 le Roi Mohammed VI et le pr\u00e9sident Alpha Cond\u00e9 \u00e0 travers les deux visites royales en Guin\u00e9e en 2014 et 2017, et les six visites du pr\u00e9sident guin\u00e9en au Maroc, qui ont insuffl\u00e9 une nouvelle dynamique et donn\u00e9 une forte impulsion \u00e0 ces relations. Le ministre a tenu \u00e0 adresser ses remerciements au pr\u00e9sident guin\u00e9en pour son soutien permanent et actif \u00e0 la marocanit\u00e9 du Sahara, et pour la solidarit\u00e9 constante de la Guin\u00e9e envers le Maroc dans les instances r\u00e9gionales et internationales.<\/p>\n<p>Par ailleurs, M. Bourita a fait savoir que les deux parties ont convenu, lors de ces entretiens, de travailler pour la mise en \u0153uvre de l\u2019ensemble des accords qui ont \u00e9t\u00e9 sign\u00e9s devant les deux chef d\u2019\u00c9tats dont la grande partie a compl\u00e9tement \u00e9t\u00e9 mise en \u0153uvre, tandis que d\u2019autres n\u00e9cessitent un accompagnement pour une mise en \u0153uvre compl\u00e8te et rapide.<\/p>\n<p>La visite du ministre guin\u00e9en au Maroc est de nature \u00e0 baliser le terrain pour une meilleure coordination sur les questions d\u2019int\u00e9r\u00eat commun, afin de tracer une feuille de route pour la mise en \u0153uvre de tous ces engagements, a-t-il ajout\u00e9.<\/p>\n<p>Bourita a \u00e9galement indiqu\u00e9 avoir examin\u00e9 avec son homologue guin\u00e9en un axe important de la coop\u00e9ration bilat\u00e9rale, \u00e0 savoir celui de la formation, \u00e9tant donn\u00e9 que le Maroc a form\u00e9 plus de 5.000 \u00e9tudiant guin\u00e9ens, faisant savoir qu\u2019aujourd\u2019hui \u00able nombre de bourses de formation a \u00e9t\u00e9 augment\u00e9 \u00e0 270 bourses annuelles, y compris celles qui concernent la formation dans les provinces du Sud du Royaume dans le cadre de l\u2019ouverture du consulat de Guin\u00e9e \u00e0 Dakhla\u00bb.<\/p>\n<p>Les deux parties ont \u00e9galement \u00e9voqu\u00e9 des questions r\u00e9gionales et internationales, notamment la situation au Sahel et en Afrique de l\u2019Ouest, a-t-il dit, soulignant la \u00abparfaite convergence de points vues\u00bb sur l\u2019ensemble de ces questions, \u00abce qui d\u00e9montre que la coordination entre les deux pays est tr\u00e8s fluide sur beaucoup de questions\u00bb.<\/p>\n<p>La rencontre entre les deux responsables a \u00e9t\u00e9 marqu\u00e9e par la signature d\u2019un accord de coop\u00e9ration entre l\u2019Acad\u00e9mie diplomatique marocaine et le Centre de formation diplomatique de Guin\u00e9e visant \u00e0 renforcer la coordination entre les deux diplomaties.<\/p>\n<p>Auteur: M&rsquo;hammed rahal<br \/>\n<a href=\"http:\/\/albayane.press.ma\/%EF%BB%BFbourita-recoit-son-homologue-guineen-ibrahima-khalil-kaba.html\">Cliquez ici pour lire l&rsquo;article depuis sa source.<\/a><\/p>\n","protected":false},"excerpt":{"rendered":"<p>Porteur d\u2019un message du pr\u00e9sident Alpha Cond\u00e9 \u00e0 SM le Roi Le ministre des Affaires \u00e9trang\u00e8res, de la Coop\u00e9ration africaine et des Marocains r\u00e9sidant \u00e0 l\u2019\u00e9tranger, Nasser Bourita, a re\u00e7u vendredi le minist\u00e8re des Affaires \u00e9trang\u00e8res et des Guin\u00e9ens de l\u2019\u00e9tranger, Ibrahima Khalil Kaba, porteur d\u2019un message du pr\u00e9sident Alpha Cond\u00e9 \u00e0 Sa Majest\u00e9 le [&hellip;]<\/p>\n","protected":false},"author":1760,"featured_media":0,"comment_status":"closed","ping_status":"closed","sticky":false,"template":"","format":"standard","meta":{"fifu_image_url":"","fifu_image_alt":"","footnotes":""},"categories":[73,54],"tags":[],"class_list":["post-113497","post","type-post","status-publish","format-standard","hentry","category-actualite","category-maroc"],"_links":{"self":[{"href":"https:\/\/linitiative.ca\/International\/wp-json\/wp\/v2\/posts\/113497","targetHints":{"allow":["GET"]}}],"collection":[{"href":"https:\/\/linitiative.ca\/International\/wp-json\/wp\/v2\/posts"}],"about":[{"href":"https:\/\/linitiative.ca\/International\/wp-json\/wp\/v2\/types\/post"}],"author":[{"embeddable":true,"href":"https:\/\/linitiative.ca\/International\/wp-json\/wp\/v2\/users\/1760"}],"replies":[{"embeddable":true,"href":"https:\/\/linitiative.ca\/International\/wp-json\/wp\/v2\/comments?post=113497"}],"version-history":[{"count":0,"href":"https:\/\/linitiative.ca\/International\/wp-json\/wp\/v2\/posts\/113497\/revisions"}],"wp:attachment":[{"href":"https:\/\/linitiative.ca\/International\/wp-json\/wp\/v2\/media?parent=113497"}],"wp:term":[{"taxonomy":"category","embeddable":true,"href":"https:\/\/linitiative.ca\/International\/wp-json\/wp\/v2\/categories?post=113497"},{"taxonomy":"post_tag","embeddable":true,"href":"https:\/\/linitiative.ca\/International\/wp-json\/wp\/v2\/tags?post=113497"}],"curies":[{"name":"wp","href":"https:\/\/api.w.org\/{rel}","templated":true}]}}