{"id":113498,"date":"2021-03-21T14:00:59","date_gmt":"2021-03-21T18:00:59","guid":{"rendered":"https:\/\/linitiative.ca\/International\/des-appels-au-denouement-de-laffaire-mounjib\/"},"modified":"2021-03-21T14:00:59","modified_gmt":"2021-03-21T18:00:59","slug":"des-appels-au-denouement-de-laffaire-mounjib","status":"publish","type":"post","link":"https:\/\/linitiative.ca\/International\/des-appels-au-denouement-de-laffaire-mounjib\/","title":{"rendered":"Des appels au d\u00e9nouement de l\u2019affaire Mounjib"},"content":{"rendered":"<p class=\"has-text-color has-vivid-red-color c1\"><strong>En gr\u00e8ve de la faim depuis 18 jours<\/strong><\/p>\n<p class=\"has-text-color c2\"><strong>L\u2019\u00e9tat de sant\u00e9 de l\u2019historien et militant des droits humains Ma\u00e2ti Monjib, incarc\u00e9r\u00e9 \u00e0 Rabat dans une affaire controvers\u00e9e, semble se d\u00e9t\u00e9riorer, \u00e0 la suite de la gr\u00e8ve de la faim qu\u2019il observe depuis le 4 mars dernier.<\/strong><\/p>\n<p>Il avait \u00e9t\u00e9 accus\u00e9 de chefs d\u2019inculpation divers et fort \u00e9tonnants dont notamment de \u00abblanchiment de capitaux\u00bb, \u00abfraude\u00bb et \u00abatteinte\u00a0\u00e0 la s\u00e9curit\u00e9 de l\u2019Etat\u00bb.<\/p>\n<p>Ma\u00e2ti Monjib avait justifi\u00e9 sa gr\u00e8ve de la faim par son \u00abarrestation arbitraire\u00bb et sa \u00abpers\u00e9cution\u00bb ainsi que par \u00abl\u2019injustice\u00bb qu\u2019il subit\u2026<\/p>\n<p>Et bien que la direction de l\u2019administration p\u00e9nitentiaire ait confirm\u00e9 que ce d\u00e9tenu avait \u00e9t\u00e9\u00a0\u00abplac\u00e9 sous suivi m\u00e9dical\u00bb\u00a0depuis la semaine derni\u00e8re, son \u00e9tat de sant\u00e9 semble s\u2019aggraver, alors qu\u2019il a refus\u00e9 la demande de la DGAPR d\u2019interrompre son mouvement.<\/p>\n<p>C\u2019est ainsi que des dizaines de leaders politiques, dont notamment Mohamed Nabil Benabdallah et Isma\u00efl Alaoui, \u00e0 c\u00f4t\u00e9 de d\u00e9fenseurs des droits humains dont de c\u00e9l\u00e8bres b\u00e2tonniers, ont exprim\u00e9, en fin de semaine, leur pr\u00e9occupation face \u00e0 la d\u00e9gradation de l\u2019\u00e9tat de sant\u00e9 de cet intellectuel condamn\u00e9 \u00e0 un an de prison dans une affaire que d\u2019aucuns pensent qu\u2019elle est mont\u00e9e de toutes pi\u00e8ces et s\u2019assimilerait plus \u00e0 un r\u00e8glement de comptes politiques qu\u2019\u00e0 une simple affaire de droit commun.<\/p>\n<p>Ces personnalit\u00e9s politiques et d\u00e9fenseurs des droits humains ont tent\u00e9, par un appel pressant, de persuader le gr\u00e9viste d\u2019abandonner son geste face aux graves risques qu\u2019il encourt pour sa sant\u00e9 et sa vie.<\/p>\n<p>\u00abTa vie, ta sant\u00e9 et ta libert\u00e9 nous importent\u00bb, tel est le slogan lev\u00e9 par l\u2019appel \u00e0 Mounjib, qui r\u00e9affirme \u00abla n\u00e9cessit\u00e9 de sa lib\u00e9ration et la garantie d\u2019un proc\u00e8s \u00e9quitable et le droit \u00e0 la d\u00e9fense avec toutes le respect des conditions garanties par le droit national et les trait\u00e9s internationaux\u00bb.<\/p>\n<p>De leurs c\u00f4t\u00e9s, les deux organisations marocaines des droits humains (OMDH et AMDH) ont exprim\u00e9 leur solidarit\u00e9 avec le d\u00e9tenu Mounjib et r\u00e9clam\u00e9 sa mise en libert\u00e9, tout en garantissant ses droits juridiques.<\/p>\n<p>Pour sa part, l\u2019Observatoire marocain des prisons (OMP) a rendu visite, samedi, \u00e0 Ma\u00e2ti Mounjib pour tenter de le dissuader d\u2019arr\u00eater sa gr\u00e8ve et lui a exprim\u00e9\u00a0 sa \u00absolidarit\u00e9 pour son droit \u00e0 la libert\u00e9 et la garantie d\u2019un proc\u00e8s \u00e9quitable dans lequel la pr\u00e9somption d\u2019innocence est respect\u00e9e et qui lui assure son droit \u00e0 la d\u00e9fense\u00bb.<\/p>\n<p>Selon son comit\u00e9 de d\u00e9fense, Ma\u00e2ti Monjib souffrirait \u00abde troubles cardiaques et de diab\u00e8te\u00bb et que sa vie serait en danger, apr\u00e8s plus de deux semaines de gr\u00e8ve de la faim.<\/p>\n<p>Esp\u00e9rons que la sagesse fera \u00e9viter au pays un drame que personne n\u2019esp\u00e8re.<\/p>\n<p class=\"c3\"><strong>M.K.<\/strong><\/p>\n<p>Auteur: M&rsquo;hammed rahal<br \/>\n<a href=\"http:\/\/albayane.press.ma\/des-appels-au-denouement-de-laffaire-mounjib.html\">Cliquez ici pour lire l&rsquo;article depuis sa source.<\/a><\/p>\n","protected":false},"excerpt":{"rendered":"<p>En gr\u00e8ve de la faim depuis 18 jours L\u2019\u00e9tat de sant\u00e9 de l\u2019historien et militant des droits humains Ma\u00e2ti Monjib, incarc\u00e9r\u00e9 \u00e0 Rabat dans une affaire controvers\u00e9e, semble se d\u00e9t\u00e9riorer, \u00e0 la suite de la gr\u00e8ve de la faim qu\u2019il observe depuis le 4 mars dernier. Il avait \u00e9t\u00e9 accus\u00e9 de chefs d\u2019inculpation divers et [&hellip;]<\/p>\n","protected":false},"author":1760,"featured_media":0,"comment_status":"closed","ping_status":"closed","sticky":false,"template":"","format":"standard","meta":{"fifu_image_url":"","fifu_image_alt":"","footnotes":""},"categories":[73,54],"tags":[],"class_list":["post-113498","post","type-post","status-publish","format-standard","hentry","category-actualite","category-maroc"],"_links":{"self":[{"href":"https:\/\/linitiative.ca\/International\/wp-json\/wp\/v2\/posts\/113498","targetHints":{"allow":["GET"]}}],"collection":[{"href":"https:\/\/linitiative.ca\/International\/wp-json\/wp\/v2\/posts"}],"about":[{"href":"https:\/\/linitiative.ca\/International\/wp-json\/wp\/v2\/types\/post"}],"author":[{"embeddable":true,"href":"https:\/\/linitiative.ca\/International\/wp-json\/wp\/v2\/users\/1760"}],"replies":[{"embeddable":true,"href":"https:\/\/linitiative.ca\/International\/wp-json\/wp\/v2\/comments?post=113498"}],"version-history":[{"count":0,"href":"https:\/\/linitiative.ca\/International\/wp-json\/wp\/v2\/posts\/113498\/revisions"}],"wp:attachment":[{"href":"https:\/\/linitiative.ca\/International\/wp-json\/wp\/v2\/media?parent=113498"}],"wp:term":[{"taxonomy":"category","embeddable":true,"href":"https:\/\/linitiative.ca\/International\/wp-json\/wp\/v2\/categories?post=113498"},{"taxonomy":"post_tag","embeddable":true,"href":"https:\/\/linitiative.ca\/International\/wp-json\/wp\/v2\/tags?post=113498"}],"curies":[{"name":"wp","href":"https:\/\/api.w.org\/{rel}","templated":true}]}}