{"id":113508,"date":"2021-03-22T06:00:00","date_gmt":"2021-03-22T10:00:00","guid":{"rendered":"https:\/\/linitiative.ca\/International\/calendrier-des-examens-officiels-de-lannee-scolaire-2020-2021\/"},"modified":"2021-03-22T06:00:00","modified_gmt":"2021-03-22T10:00:00","slug":"calendrier-des-examens-officiels-de-lannee-scolaire-2020-2021","status":"publish","type":"post","link":"https:\/\/linitiative.ca\/International\/calendrier-des-examens-officiels-de-lannee-scolaire-2020-2021\/","title":{"rendered":"Calendrier des examens officiels de l\u2019ann\u00e9e scolaire 2020\/2021"},"content":{"rendered":"<div id=\"originalText\" readability=\"46\">\n<p class=\"c6\">Ce lundi 22 mars, le minist\u00e8re de l\u2019\u00e9ducation nationale a publi\u00e9 sur sa page Facebook le calendrier des examens officiels de l\u2019ann\u00e9e scolaire 2020 \/ 2021, li\u00e9s aux trois cycles de l\u2019enseignement, en regard du contexte sanitaire.<\/p>\n<p class=\"c6\">Ainsi, pour le cycle secondaire, l\u2019examen du baccalaur\u00e9at aura lieu du dimanche 20 au jeudi 24 juin de l\u2019ann\u00e9e en cours. Quant au cycle moyen, le BEM se d\u00e9roulera du mardi 15 au jeudi 17 juin. Pour ce qui est du cycle primaire, les \u00e9l\u00e8ves de cinqui\u00e8me auront leur examen le mercredi 2 juin.<\/p>\n<p class=\"c6\"><img decoding=\"async\" alt=\"\" src=\"\/data\/upload\/163235555_1810848539076381_1323413904919104634_o.jpg\" class=\"c7\"\/><\/p>\n<p class=\"c8\"><strong>R\u00e9daction WEB<\/strong><\/p>\n<\/div>\n<div id=\"text_core\" readability=\"46\">\n<p class=\"c6\">Ce lundi 22 mars, le minist\u00e8re de l\u2019\u00e9ducation nationale a publi\u00e9 sur sa page Facebook le calendrier des examens officiels de l\u2019ann\u00e9e scolaire 2020 \/ 2021, li\u00e9s aux trois cycles de l\u2019enseignement, en regard du contexte sanitaire.<\/p>\n<p class=\"c6\">Ainsi, pour le cycle secondaire, l\u2019examen du baccalaur\u00e9at aura lieu du dimanche 20 au jeudi 24 juin de l\u2019ann\u00e9e en cours. Quant au cycle moyen, le BEM se d\u00e9roulera du mardi 15 au jeudi 17 juin. Pour ce qui est du cycle primaire, les \u00e9l\u00e8ves de cinqui\u00e8me auront leur examen le mercredi 2 juin.<\/p>\n<p class=\"c6\"><img decoding=\"async\" alt=\"\" src=\"\/data\/upload\/163235555_1810848539076381_1323413904919104634_o.jpg\" class=\"c7\"\/><\/p>\n<p class=\"c8\"><strong>R\u00e9daction WEB<\/strong><\/p>\n<\/div>\n<p>Auteur:<br \/>\n<a href=\"https:\/\/www.liberte-algerie.com\/actualite\/calendrier-des-examens-officiels-de-lannee-scolaire-2020-2021-355971\">Cliquez ici pour lire l&rsquo;article depuis sa source.<\/a><\/p>\n","protected":false},"excerpt":{"rendered":"<p>Ce lundi 22 mars, le minist\u00e8re de l\u2019\u00e9ducation nationale a publi\u00e9 sur sa page Facebook le calendrier des examens officiels de l\u2019ann\u00e9e scolaire 2020 \/ 2021, li\u00e9s aux trois cycles de l\u2019enseignement, en regard du contexte sanitaire. Ainsi, pour le cycle secondaire, l\u2019examen du baccalaur\u00e9at aura lieu du dimanche 20 au jeudi 24 juin de [&hellip;]<\/p>\n","protected":false},"author":1742,"featured_media":0,"comment_status":"closed","ping_status":"closed","sticky":false,"template":"","format":"standard","meta":{"fifu_image_url":"\/data\/upload\/163235555_1810848539076381_1323413904919104634_o.jpg","fifu_image_alt":"Calendrier des examens officiels de l\u2019ann\u00e9e scolaire 2020\/2021","footnotes":""},"categories":[73,53],"tags":[],"class_list":["post-113508","post","type-post","status-publish","format-standard","hentry","category-actualite","category-algerie"],"_links":{"self":[{"href":"https:\/\/linitiative.ca\/International\/wp-json\/wp\/v2\/posts\/113508","targetHints":{"allow":["GET"]}}],"collection":[{"href":"https:\/\/linitiative.ca\/International\/wp-json\/wp\/v2\/posts"}],"about":[{"href":"https:\/\/linitiative.ca\/International\/wp-json\/wp\/v2\/types\/post"}],"author":[{"embeddable":true,"href":"https:\/\/linitiative.ca\/International\/wp-json\/wp\/v2\/users\/1742"}],"replies":[{"embeddable":true,"href":"https:\/\/linitiative.ca\/International\/wp-json\/wp\/v2\/comments?post=113508"}],"version-history":[{"count":0,"href":"https:\/\/linitiative.ca\/International\/wp-json\/wp\/v2\/posts\/113508\/revisions"}],"wp:attachment":[{"href":"https:\/\/linitiative.ca\/International\/wp-json\/wp\/v2\/media?parent=113508"}],"wp:term":[{"taxonomy":"category","embeddable":true,"href":"https:\/\/linitiative.ca\/International\/wp-json\/wp\/v2\/categories?post=113508"},{"taxonomy":"post_tag","embeddable":true,"href":"https:\/\/linitiative.ca\/International\/wp-json\/wp\/v2\/tags?post=113508"}],"curies":[{"name":"wp","href":"https:\/\/api.w.org\/{rel}","templated":true}]}}