{"id":113509,"date":"2021-03-22T10:20:00","date_gmt":"2021-03-22T14:20:00","guid":{"rendered":"https:\/\/linitiative.ca\/International\/les-horaires-de-distribution-deau-seront-inevitablement-amenages-en-ete\/"},"modified":"2021-03-22T10:20:00","modified_gmt":"2021-03-22T14:20:00","slug":"les-horaires-de-distribution-deau-seront-inevitablement-amenages-en-ete","status":"publish","type":"post","link":"https:\/\/linitiative.ca\/International\/les-horaires-de-distribution-deau-seront-inevitablement-amenages-en-ete\/","title":{"rendered":"\u00ab Les horaires de distribution d&rsquo;eau seront in\u00e9vitablement am\u00e9nag\u00e9s en \u00e9t\u00e9 \u00bb"},"content":{"rendered":"<div id=\"originalText\" readability=\"82\">\n<p class=\"c6\">Le directeur g\u00e9n\u00e9ral de l&rsquo;Alg\u00e9rienne des eaux (ADE), Hocine Zair, a indiqu\u00e9, ce lundi, sur les ondes de la radio cha\u00eene III, qu\u2019\u00ab\u00a0une r\u00e9duction des plages horaires de distribution sera in\u00e9vitable\u00a0cet \u00e9t\u00e9\u00bb, \u00e0 moins que \u00a0\u00ab\u00a0les r\u00e9serves ne se reconstituent d&rsquo;ici le mois de mai \u00bb, a-t-il soulign\u00e9.<\/p>\n<p class=\"c6\">Concr\u00e8tement, cette r\u00e9duction de plages horaires se fera \u00ab\u00a0au cas par cas, commune par commune, selon les sources de mobilisation d&rsquo;eau\u00a0\u00bb, a-t-il expliqu\u00e9, ajoutant que \u00a0\u00ab\u00a0si la situation ne s&rsquo;am\u00e9liore pas sur les deux mois \u00e0 venir, l\u2019alimentation h24 va passer au quotidien avec des plages horaires \u00e9largies\u00a0\u00bb. C\u2019est-\u00e0-dire, \u00ab\u00a0l&rsquo;alimentation au quotidien qui se situe entre 10h et 18h se fera entre 6h et 12h, voire un jour sur deux\u00a0\u00bb.<\/p>\n<p class=\"c6\">Pour le mois de Ramadhan, le DG a assur\u00e9 qu\u2019il n\u2019y aura pas de restriction.<\/p>\n<p class=\"c6\">Reprenant les chiffres de l\u2019agence nationale des barrages, le responsable de l\u2019ADE a indiqu\u00e9 que\u00a0\u00ab\u00a0nous enregistrons actuellement une moyenne nationale de 44% de taux de remplissage des barrages\u00a0\u00bb. Cependant, il pr\u00e9cise que \u00abl\u2019alimentation en eau potable \u00e0 partir des eaux de surface repr\u00e9sente 40 %, en plus d&rsquo;autres alternatives telles que l&rsquo;eau de mer dessal\u00e9e et l&rsquo;eau issue des forages\u00a0\u00bb.<\/p>\n<p class=\"c6\">Le m\u00eame responsable est \u00e9galement revenu sur les probl\u00e8mes de l\u2019eau non comptabilis\u00e9e, ou non factur\u00e9e. \u00abNous enregistrons des fuites d\u2019eau qui se situent \u00e0 hauteur de 30 % de la consommation globale, en plus des eaux non factur\u00e9es qui sont utilis\u00e9es par les citoyens en recourant \u00e0 des branchements illicites. Le taux de fuite que nous comptabilisons \u00a0d\u00e9passe ainsi la moyenne internationale, laquelle en de\u00e7\u00e0 des 20%\u00a0\u00bb.<\/p>\n<p class=\"c6\">Enfin, et en termes de solutions face au \u00a0changement climatique et le d\u00e9calage de saison des pluies qui en r\u00e9sulte, Hocine Zair pr\u00e9conise de \u00ab se baser sur le dessalement d\u2019eau de mer et, pourquoi pas, r\u00e9server les ressources en eau des barrages pour l\u2019agriculture \u00bb.<\/p>\n<p class=\"c7\"><strong>R\u00e9daction WEB<\/strong><\/p>\n<\/div>\n<div id=\"text_core\" readability=\"82\">\n<p class=\"c6\">Le directeur g\u00e9n\u00e9ral de l&rsquo;Alg\u00e9rienne des eaux (ADE), Hocine Zair, a indiqu\u00e9, ce lundi, sur les ondes de la radio cha\u00eene III, qu\u2019\u00ab\u00a0une r\u00e9duction des plages horaires de distribution sera in\u00e9vitable\u00a0cet \u00e9t\u00e9\u00bb, \u00e0 moins que \u00a0\u00ab\u00a0les r\u00e9serves ne se reconstituent d&rsquo;ici le mois de mai \u00bb, a-t-il soulign\u00e9.<\/p>\n<p class=\"c6\">Concr\u00e8tement, cette r\u00e9duction de plages horaires se fera \u00ab\u00a0au cas par cas, commune par commune, selon les sources de mobilisation d&rsquo;eau\u00a0\u00bb, a-t-il expliqu\u00e9, ajoutant que \u00a0\u00ab\u00a0si la situation ne s&rsquo;am\u00e9liore pas sur les deux mois \u00e0 venir, l\u2019alimentation h24 va passer au quotidien avec des plages horaires \u00e9largies\u00a0\u00bb. C\u2019est-\u00e0-dire, \u00ab\u00a0l&rsquo;alimentation au quotidien qui se situe entre 10h et 18h se fera entre 6h et 12h, voire un jour sur deux\u00a0\u00bb.<\/p>\n<p class=\"c6\">Pour le mois de Ramadhan, le DG a assur\u00e9 qu\u2019il n\u2019y aura pas de restriction.<\/p>\n<p class=\"c6\">Reprenant les chiffres de l\u2019agence nationale des barrages, le responsable de l\u2019ADE a indiqu\u00e9 que\u00a0\u00ab\u00a0nous enregistrons actuellement une moyenne nationale de 44% de taux de remplissage des barrages\u00a0\u00bb. Cependant, il pr\u00e9cise que \u00abl\u2019alimentation en eau potable \u00e0 partir des eaux de surface repr\u00e9sente 40 %, en plus d&rsquo;autres alternatives telles que l&rsquo;eau de mer dessal\u00e9e et l&rsquo;eau issue des forages\u00a0\u00bb.<\/p>\n<p class=\"c6\">Le m\u00eame responsable est \u00e9galement revenu sur les probl\u00e8mes de l\u2019eau non comptabilis\u00e9e, ou non factur\u00e9e. \u00abNous enregistrons des fuites d\u2019eau qui se situent \u00e0 hauteur de 30 % de la consommation globale, en plus des eaux non factur\u00e9es qui sont utilis\u00e9es par les citoyens en recourant \u00e0 des branchements illicites. Le taux de fuite que nous comptabilisons \u00a0d\u00e9passe ainsi la moyenne internationale, laquelle en de\u00e7\u00e0 des 20%\u00a0\u00bb.<\/p>\n<p class=\"c6\">Enfin, et en termes de solutions face au \u00a0changement climatique et le d\u00e9calage de saison des pluies qui en r\u00e9sulte, Hocine Zair pr\u00e9conise de \u00ab se baser sur le dessalement d\u2019eau de mer et, pourquoi pas, r\u00e9server les ressources en eau des barrages pour l\u2019agriculture \u00bb.<\/p>\n<p class=\"c7\"><strong>R\u00e9daction WEB<\/strong><\/p>\n<\/div>\n<p>Auteur:<br \/>\n<a href=\"https:\/\/www.liberte-algerie.com\/actualite\/les-horaires-de-distribution-deau-seront-inevitablement-amenages-en-ete-355972\">Cliquez ici pour lire l&rsquo;article depuis sa source.<\/a><\/p>\n","protected":false},"excerpt":{"rendered":"<p>Le directeur g\u00e9n\u00e9ral de l&rsquo;Alg\u00e9rienne des eaux (ADE), Hocine Zair, a indiqu\u00e9, ce lundi, sur les ondes de la radio cha\u00eene III, qu\u2019\u00ab\u00a0une r\u00e9duction des plages horaires de distribution sera in\u00e9vitable\u00a0cet \u00e9t\u00e9\u00bb, \u00e0 moins que \u00a0\u00ab\u00a0les r\u00e9serves ne se reconstituent d&rsquo;ici le mois de mai \u00bb, a-t-il soulign\u00e9. Concr\u00e8tement, cette r\u00e9duction de plages horaires se [&hellip;]<\/p>\n","protected":false},"author":1742,"featured_media":0,"comment_status":"closed","ping_status":"closed","sticky":false,"template":"","format":"standard","meta":{"fifu_image_url":"","fifu_image_alt":"","footnotes":""},"categories":[73,53],"tags":[],"class_list":["post-113509","post","type-post","status-publish","format-standard","hentry","category-actualite","category-algerie"],"_links":{"self":[{"href":"https:\/\/linitiative.ca\/International\/wp-json\/wp\/v2\/posts\/113509","targetHints":{"allow":["GET"]}}],"collection":[{"href":"https:\/\/linitiative.ca\/International\/wp-json\/wp\/v2\/posts"}],"about":[{"href":"https:\/\/linitiative.ca\/International\/wp-json\/wp\/v2\/types\/post"}],"author":[{"embeddable":true,"href":"https:\/\/linitiative.ca\/International\/wp-json\/wp\/v2\/users\/1742"}],"replies":[{"embeddable":true,"href":"https:\/\/linitiative.ca\/International\/wp-json\/wp\/v2\/comments?post=113509"}],"version-history":[{"count":0,"href":"https:\/\/linitiative.ca\/International\/wp-json\/wp\/v2\/posts\/113509\/revisions"}],"wp:attachment":[{"href":"https:\/\/linitiative.ca\/International\/wp-json\/wp\/v2\/media?parent=113509"}],"wp:term":[{"taxonomy":"category","embeddable":true,"href":"https:\/\/linitiative.ca\/International\/wp-json\/wp\/v2\/categories?post=113509"},{"taxonomy":"post_tag","embeddable":true,"href":"https:\/\/linitiative.ca\/International\/wp-json\/wp\/v2\/tags?post=113509"}],"curies":[{"name":"wp","href":"https:\/\/api.w.org\/{rel}","templated":true}]}}