{"id":113510,"date":"2021-03-22T11:52:00","date_gmt":"2021-03-22T15:52:00","guid":{"rendered":"https:\/\/linitiative.ca\/International\/le-ffs-tiendra-son-sixieme-congres-fin-septembre\/"},"modified":"2021-03-22T11:52:00","modified_gmt":"2021-03-22T15:52:00","slug":"le-ffs-tiendra-son-sixieme-congres-fin-septembre","status":"publish","type":"post","link":"https:\/\/linitiative.ca\/International\/le-ffs-tiendra-son-sixieme-congres-fin-septembre\/","title":{"rendered":"Le FFS tiendra son sixi\u00e8me congr\u00e8s fin septembre"},"content":{"rendered":"<div id=\"originalText\" readability=\"57\">\n<p>L&rsquo;Instance pr\u00e9sidentielle du Front des forces socialistes (FFS) a officiellement convoqu\u00e9, ce lundi, le sixi\u00e8me congr\u00e8s national ordinaire pour la derni\u00e8re semaine du mois de septembre 2021, selon un communiqu\u00e9 rendu public, cet apr\u00e8s-midi, par le parti.<\/p>\n<p>La direction du parti, qui rappelle son \u00ab\u00a0engagement\u00a0\u00bb pris lors du dernier congr\u00e8s national extraordinaire qui s&rsquo;est tenu les 9 et 10 Juillet 2020, programmera, \u00a0au \u00ab\u00a0moment opportun\u00a0\u00bb, un audit destin\u00e9 \u00e0 \u00a0\u00ab\u00a0\u00e9valuer l&rsquo;\u00e9tat d&rsquo;avancement\u00a0 du processus de restructuration du FFS \u00a0\u00e0 l&rsquo;\u00e9chelle nationale\u00a0\u00bb, pour ainsi \u00ab\u00a0mieux pr\u00e9parer\u00bb le congr\u00e8s.<\/p>\n<p>L&rsquo;Instance pr\u00e9sidentielle du FFS s&rsquo;est \u00e9galement f\u00e9licit\u00e9e d\u2019avoir \u00ab\u00a0insuffl\u00e9 une dynamique de rassemblement et de coh\u00e9sion au sein du parti\u00a0\u00bb, relevant que \u00abgr\u00e2ce au concours de l&rsquo;ensemble des militantes et militants et de l&rsquo;encadrement du parti, nous sommes parvenus \u00e0 remettre le FFS aux devants de la sc\u00e8ne politique nationale, comme \u00e9tant une force de proposition et d&rsquo;action incontournable et cr\u00e9dible pour dessiner les contours du destin politique de notre nation\u00a0\u00bb.<\/p>\n<p class=\"c6\"><strong>R\u00e9daction Web<\/strong><\/p>\n<\/div>\n<div id=\"text_core\" readability=\"57\">\n<p>L&rsquo;Instance pr\u00e9sidentielle du Front des forces socialistes (FFS) a officiellement convoqu\u00e9, ce lundi, le sixi\u00e8me congr\u00e8s national ordinaire pour la derni\u00e8re semaine du mois de septembre 2021, selon un communiqu\u00e9 rendu public, cet apr\u00e8s-midi, par le parti.<\/p>\n<p>La direction du parti, qui rappelle son \u00ab\u00a0engagement\u00a0\u00bb pris lors du dernier congr\u00e8s national extraordinaire qui s&rsquo;est tenu les 9 et 10 Juillet 2020, programmera, \u00a0au \u00ab\u00a0moment opportun\u00a0\u00bb, un audit destin\u00e9 \u00e0 \u00a0\u00ab\u00a0\u00e9valuer l&rsquo;\u00e9tat d&rsquo;avancement\u00a0 du processus de restructuration du FFS \u00a0\u00e0 l&rsquo;\u00e9chelle nationale\u00a0\u00bb, pour ainsi \u00ab\u00a0mieux pr\u00e9parer\u00bb le congr\u00e8s.<\/p>\n<p>L&rsquo;Instance pr\u00e9sidentielle du FFS s&rsquo;est \u00e9galement f\u00e9licit\u00e9e d\u2019avoir \u00ab\u00a0insuffl\u00e9 une dynamique de rassemblement et de coh\u00e9sion au sein du parti\u00a0\u00bb, relevant que \u00abgr\u00e2ce au concours de l&rsquo;ensemble des militantes et militants et de l&rsquo;encadrement du parti, nous sommes parvenus \u00e0 remettre le FFS aux devants de la sc\u00e8ne politique nationale, comme \u00e9tant une force de proposition et d&rsquo;action incontournable et cr\u00e9dible pour dessiner les contours du destin politique de notre nation\u00a0\u00bb.<\/p>\n<p class=\"c6\"><strong>R\u00e9daction Web<\/strong><\/p>\n<\/div>\n<p>Auteur:<br \/>\n<a href=\"https:\/\/www.liberte-algerie.com\/actualite\/le-ffs-tiendra-son-sixieme-congres-fin-septembre-355973\">Cliquez ici pour lire l&rsquo;article depuis sa source.<\/a><\/p>\n","protected":false},"excerpt":{"rendered":"<p>L&rsquo;Instance pr\u00e9sidentielle du Front des forces socialistes (FFS) a officiellement convoqu\u00e9, ce lundi, le sixi\u00e8me congr\u00e8s national ordinaire pour la derni\u00e8re semaine du mois de septembre 2021, selon un communiqu\u00e9 rendu public, cet apr\u00e8s-midi, par le parti. La direction du parti, qui rappelle son \u00ab\u00a0engagement\u00a0\u00bb pris lors du dernier congr\u00e8s national extraordinaire qui s&rsquo;est tenu [&hellip;]<\/p>\n","protected":false},"author":1742,"featured_media":0,"comment_status":"closed","ping_status":"closed","sticky":false,"template":"","format":"standard","meta":{"fifu_image_url":"","fifu_image_alt":"","footnotes":""},"categories":[73,53],"tags":[],"class_list":["post-113510","post","type-post","status-publish","format-standard","hentry","category-actualite","category-algerie"],"_links":{"self":[{"href":"https:\/\/linitiative.ca\/International\/wp-json\/wp\/v2\/posts\/113510","targetHints":{"allow":["GET"]}}],"collection":[{"href":"https:\/\/linitiative.ca\/International\/wp-json\/wp\/v2\/posts"}],"about":[{"href":"https:\/\/linitiative.ca\/International\/wp-json\/wp\/v2\/types\/post"}],"author":[{"embeddable":true,"href":"https:\/\/linitiative.ca\/International\/wp-json\/wp\/v2\/users\/1742"}],"replies":[{"embeddable":true,"href":"https:\/\/linitiative.ca\/International\/wp-json\/wp\/v2\/comments?post=113510"}],"version-history":[{"count":0,"href":"https:\/\/linitiative.ca\/International\/wp-json\/wp\/v2\/posts\/113510\/revisions"}],"wp:attachment":[{"href":"https:\/\/linitiative.ca\/International\/wp-json\/wp\/v2\/media?parent=113510"}],"wp:term":[{"taxonomy":"category","embeddable":true,"href":"https:\/\/linitiative.ca\/International\/wp-json\/wp\/v2\/categories?post=113510"},{"taxonomy":"post_tag","embeddable":true,"href":"https:\/\/linitiative.ca\/International\/wp-json\/wp\/v2\/tags?post=113510"}],"curies":[{"name":"wp","href":"https:\/\/api.w.org\/{rel}","templated":true}]}}