{"id":113511,"date":"2021-03-22T08:15:42","date_gmt":"2021-03-22T12:15:42","guid":{"rendered":"https:\/\/linitiative.ca\/International\/deperdition-scolaire-et-mariage-des-mineurs-une-relation-a-double-sens\/"},"modified":"2021-03-22T08:15:42","modified_gmt":"2021-03-22T12:15:42","slug":"deperdition-scolaire-et-mariage-des-mineurs-une-relation-a-double-sens","status":"publish","type":"post","link":"https:\/\/linitiative.ca\/International\/deperdition-scolaire-et-mariage-des-mineurs-une-relation-a-double-sens\/","title":{"rendered":"D\u00e9perdition scolaire et mariage des mineurs, une relation \u00e0 double sens"},"content":{"rendered":"<p><iframe loading=\"lazy\" width=\"1170\" height=\"658\" src=\"https:\/\/www.youtube.com\/embed\/XREan1EPENQ?start=2&amp;feature=oembed\" frameborder=\"0\" allow=\"accelerometer; autoplay; clipboard-write; encrypted-media; gyroscope; picture-in-picture\" allowfullscreen=\"allowfullscreen\">[embedded content]<\/iframe><\/p>\n<div class=\"single-post-excerpt post-excerpt-bc\" readability=\"41\">\n<p>Le ministre de l\u2019Education Nationale, de la Formation Professionnelle, de l\u2019Enseignement Sup\u00e9rieur et de la Recherche Scientifique (MENFPESRS), M. Saa\u00efd Amzazi, a soulign\u00e9, jeudi \u00e0 Marrakech, que la d\u00e9perdition scolaire et le mariage des mineurs s\u2019inscrit dans le cadre d\u2019une relation \u00e0 double sens.<\/p>\n<\/div>\n<p>Auteur: Meriem IGASS<br \/>\n<a href=\"http:\/\/www.mapmarrakech.ma\/fr\/deperdition-scolaire-et-mariage-des-mineurs-une-relation-a-double-sens-2\/\">Cliquez ici pour lire l&rsquo;article depuis sa source.<\/a><\/p>\n","protected":false},"excerpt":{"rendered":"<p>[embedded content] Le ministre de l\u2019Education Nationale, de la Formation Professionnelle, de l\u2019Enseignement Sup\u00e9rieur et de la Recherche Scientifique (MENFPESRS), M. Saa\u00efd Amzazi, a soulign\u00e9, jeudi \u00e0 Marrakech, que la d\u00e9perdition scolaire et le mariage des mineurs s\u2019inscrit dans le cadre d\u2019une relation \u00e0 double sens. Auteur: Meriem IGASS Cliquez ici pour lire l&rsquo;article depuis [&hellip;]<\/p>\n","protected":false},"author":1788,"featured_media":0,"comment_status":"closed","ping_status":"closed","sticky":false,"template":"","format":"standard","meta":{"fifu_image_url":"","fifu_image_alt":"","footnotes":""},"categories":[54,76],"tags":[],"class_list":["post-113511","post","type-post","status-publish","format-standard","hentry","category-maroc","category-regions"],"_links":{"self":[{"href":"https:\/\/linitiative.ca\/International\/wp-json\/wp\/v2\/posts\/113511","targetHints":{"allow":["GET"]}}],"collection":[{"href":"https:\/\/linitiative.ca\/International\/wp-json\/wp\/v2\/posts"}],"about":[{"href":"https:\/\/linitiative.ca\/International\/wp-json\/wp\/v2\/types\/post"}],"author":[{"embeddable":true,"href":"https:\/\/linitiative.ca\/International\/wp-json\/wp\/v2\/users\/1788"}],"replies":[{"embeddable":true,"href":"https:\/\/linitiative.ca\/International\/wp-json\/wp\/v2\/comments?post=113511"}],"version-history":[{"count":0,"href":"https:\/\/linitiative.ca\/International\/wp-json\/wp\/v2\/posts\/113511\/revisions"}],"wp:attachment":[{"href":"https:\/\/linitiative.ca\/International\/wp-json\/wp\/v2\/media?parent=113511"}],"wp:term":[{"taxonomy":"category","embeddable":true,"href":"https:\/\/linitiative.ca\/International\/wp-json\/wp\/v2\/categories?post=113511"},{"taxonomy":"post_tag","embeddable":true,"href":"https:\/\/linitiative.ca\/International\/wp-json\/wp\/v2\/tags?post=113511"}],"curies":[{"name":"wp","href":"https:\/\/api.w.org\/{rel}","templated":true}]}}