{"id":113512,"date":"2021-03-22T08:40:51","date_gmt":"2021-03-22T12:40:51","guid":{"rendered":"https:\/\/linitiative.ca\/International\/covid-19-le-maroc-a-efficacement-combine-anticipation-et-fermete\/"},"modified":"2021-03-22T08:40:51","modified_gmt":"2021-03-22T12:40:51","slug":"covid-19-le-maroc-a-efficacement-combine-anticipation-et-fermete","status":"publish","type":"post","link":"https:\/\/linitiative.ca\/International\/covid-19-le-maroc-a-efficacement-combine-anticipation-et-fermete\/","title":{"rendered":"Covid-19: Le Maroc a efficacement combin\u00e9 \u00ab\u00a0anticipation et fermet\u00e9\u00a0\u00bb"},"content":{"rendered":"<div class=\"single-featured\"><img alt=\"\" data-src=\"http:\/\/www.mapmarrakech.ma\/map\/uploads\/2021\/03\/vaccination-3-copier-1.jpg\"\/><\/div>\n<div class=\"single-post-excerpt post-excerpt-bc\" readability=\"38\">\n<p>Depuis le d\u00e9but de la pand\u00e9mie li\u00e9e au Covid-19, le Maroc a efficacement combin\u00e9 anticipation et fermet\u00e9 dans la gestion de cette crise sanitaire, souligne, lundi, le portail espagnol \u00ab\u00a0niusdiario.es\u00a0\u00bb.<\/p>\n<\/div>\n<div class=\"entry-content clearfix single-post-content\" readability=\"68\">\n<p>Le r\u00e9sultat de cette strat\u00e9gie est efficace : une moyenne quotidienne, au cours de la derni\u00e8re semaine, d\u2019environ 400 infections et une incidence de 1,3 cas pour 100.000 habitants, \u00e9crit le m\u00e9dia espagnol dans un article intitul\u00e9 \u00ab\u00a0les cl\u00e9s du succ\u00e8s du Maroc contre le Covid : fermet\u00e9 et anticipation\u00a0\u00bb.<\/p>\n<p>Aujourd\u2019hui, le Maroc est l\u2019un des premiers pays sur la carte des vaccinations contre le coronavirus, fait observer la publication appartenant au groupe Mediaset.<\/p>\n<p>Plus de 4,24 millions de personnes \u2013 11,7% de la population totale \u2013 ont d\u00e9j\u00e0 re\u00e7u au moins une dose du vaccin anti-covid et 2,11 millions de personnes \u2013 5,86% \u2013 ont re\u00e7u deux doses, rappelle \u00ab\u00a0niusdiario.es\u00a0\u00bb, assurant qu\u2019avec dix millions d\u2019habitants de moins que l\u2019Espagne, le Maroc (36 millions) a fourni plus de doses de vaccin (5,74 millions) que son voisin du nord.<\/p>\n<p>Selon le portail espagnol, le succ\u00e8s de la campagne de vaccination marocaine a \u00e9t\u00e9 mis en exergue par des agences et des m\u00e9dias \u00e9trangers et salu\u00e9 par l\u2019Organisation mondiale de la sant\u00e9 (OMS) et des instituts sp\u00e9cialis\u00e9s internationaux.<\/p>\n<p>Les Marocains et les \u00e9trangers, y compris les Espagnols vivant dans le Royaume, saluent \u00ab\u00a0la rapidit\u00e9 et l\u2019efficacit\u00e9 du syst\u00e8me de vaccination national\u00a0\u00bb, souligne la publication.<\/p>\n<\/div>\n<p>Auteur: Meriem IGASS<br \/>\n<a href=\"http:\/\/www.mapmarrakech.ma\/fr\/covid-19-le-maroc-a-efficacement-combine-anticipation-et-fermete\/\">Cliquez ici pour lire l&rsquo;article depuis sa source.<\/a><\/p>\n","protected":false},"excerpt":{"rendered":"<p>Depuis le d\u00e9but de la pand\u00e9mie li\u00e9e au Covid-19, le Maroc a efficacement combin\u00e9 anticipation et fermet\u00e9 dans la gestion de cette crise sanitaire, souligne, lundi, le portail espagnol \u00ab\u00a0niusdiario.es\u00a0\u00bb. Le r\u00e9sultat de cette strat\u00e9gie est efficace : une moyenne quotidienne, au cours de la derni\u00e8re semaine, d\u2019environ 400 infections et une incidence de 1,3 [&hellip;]<\/p>\n","protected":false},"author":1788,"featured_media":0,"comment_status":"closed","ping_status":"closed","sticky":false,"template":"","format":"standard","meta":{"fifu_image_url":"http:\/\/www.mapmarrakech.ma\/map\/uploads\/2021\/03\/vaccination-3-copier-1.jpg","fifu_image_alt":"Covid-19: Le Maroc a efficacement combin\u00e9 \u00ab\u00a0anticipation et fermet\u00e9\u00a0\u00bb","footnotes":""},"categories":[54,76],"tags":[],"class_list":["post-113512","post","type-post","status-publish","format-standard","hentry","category-maroc","category-regions"],"_links":{"self":[{"href":"https:\/\/linitiative.ca\/International\/wp-json\/wp\/v2\/posts\/113512","targetHints":{"allow":["GET"]}}],"collection":[{"href":"https:\/\/linitiative.ca\/International\/wp-json\/wp\/v2\/posts"}],"about":[{"href":"https:\/\/linitiative.ca\/International\/wp-json\/wp\/v2\/types\/post"}],"author":[{"embeddable":true,"href":"https:\/\/linitiative.ca\/International\/wp-json\/wp\/v2\/users\/1788"}],"replies":[{"embeddable":true,"href":"https:\/\/linitiative.ca\/International\/wp-json\/wp\/v2\/comments?post=113512"}],"version-history":[{"count":0,"href":"https:\/\/linitiative.ca\/International\/wp-json\/wp\/v2\/posts\/113512\/revisions"}],"wp:attachment":[{"href":"https:\/\/linitiative.ca\/International\/wp-json\/wp\/v2\/media?parent=113512"}],"wp:term":[{"taxonomy":"category","embeddable":true,"href":"https:\/\/linitiative.ca\/International\/wp-json\/wp\/v2\/categories?post=113512"},{"taxonomy":"post_tag","embeddable":true,"href":"https:\/\/linitiative.ca\/International\/wp-json\/wp\/v2\/tags?post=113512"}],"curies":[{"name":"wp","href":"https:\/\/api.w.org\/{rel}","templated":true}]}}