{"id":113513,"date":"2021-03-22T13:23:19","date_gmt":"2021-03-22T17:23:19","guid":{"rendered":"https:\/\/linitiative.ca\/International\/les-au-appelees-a-simpliquer-dans-le-developpement-du-territoire\/"},"modified":"2021-03-22T13:23:19","modified_gmt":"2021-03-22T17:23:19","slug":"les-au-appelees-a-simpliquer-dans-le-developpement-du-territoire","status":"publish","type":"post","link":"https:\/\/linitiative.ca\/International\/les-au-appelees-a-simpliquer-dans-le-developpement-du-territoire\/","title":{"rendered":"Les AU appel\u00e9es \u00e0 s\u2019impliquer dans le d\u00e9veloppement du territoire"},"content":{"rendered":"<p><iframe loading=\"lazy\" width=\"1170\" height=\"658\" src=\"https:\/\/www.youtube.com\/embed\/jxEeIFet39E?feature=oembed\" frameborder=\"0\" allow=\"accelerometer; autoplay; clipboard-write; encrypted-media; gyroscope; picture-in-picture\" allowfullscreen=\"allowfullscreen\">[embedded content]<\/iframe><\/p>\n<div class=\"single-post-excerpt post-excerpt-bc\" readability=\"41\">\n<p>La ministre de l\u2019Am\u00e9nagement du Territoire national, de l\u2019Urbanisme, de l\u2019Habitat et de la Politique de la Ville, Mme Nouzha Bouchareb, a appel\u00e9, samedi \u00e0 Essaouira, les Agences Urbaines \u00e0 s\u2019impliquer davantage dans le d\u00e9veloppement des territoires dans le contexte du nouveau mod\u00e8le de d\u00e9veloppement du Royaume.<\/p>\n<\/div>\n<p>Auteur: Meriem IGASS<br \/>\n<a href=\"http:\/\/www.mapmarrakech.ma\/fr\/les-au-appelees-a-simpliquer-dans-le-developpement-du-territoire\/\">Cliquez ici pour lire l&rsquo;article depuis sa source.<\/a><\/p>\n","protected":false},"excerpt":{"rendered":"<p>[embedded content] La ministre de l\u2019Am\u00e9nagement du Territoire national, de l\u2019Urbanisme, de l\u2019Habitat et de la Politique de la Ville, Mme Nouzha Bouchareb, a appel\u00e9, samedi \u00e0 Essaouira, les Agences Urbaines \u00e0 s\u2019impliquer davantage dans le d\u00e9veloppement des territoires dans le contexte du nouveau mod\u00e8le de d\u00e9veloppement du Royaume. Auteur: Meriem IGASS Cliquez ici pour [&hellip;]<\/p>\n","protected":false},"author":1788,"featured_media":0,"comment_status":"closed","ping_status":"closed","sticky":false,"template":"","format":"standard","meta":{"fifu_image_url":"","fifu_image_alt":"","footnotes":""},"categories":[54,76],"tags":[],"class_list":["post-113513","post","type-post","status-publish","format-standard","hentry","category-maroc","category-regions"],"_links":{"self":[{"href":"https:\/\/linitiative.ca\/International\/wp-json\/wp\/v2\/posts\/113513","targetHints":{"allow":["GET"]}}],"collection":[{"href":"https:\/\/linitiative.ca\/International\/wp-json\/wp\/v2\/posts"}],"about":[{"href":"https:\/\/linitiative.ca\/International\/wp-json\/wp\/v2\/types\/post"}],"author":[{"embeddable":true,"href":"https:\/\/linitiative.ca\/International\/wp-json\/wp\/v2\/users\/1788"}],"replies":[{"embeddable":true,"href":"https:\/\/linitiative.ca\/International\/wp-json\/wp\/v2\/comments?post=113513"}],"version-history":[{"count":0,"href":"https:\/\/linitiative.ca\/International\/wp-json\/wp\/v2\/posts\/113513\/revisions"}],"wp:attachment":[{"href":"https:\/\/linitiative.ca\/International\/wp-json\/wp\/v2\/media?parent=113513"}],"wp:term":[{"taxonomy":"category","embeddable":true,"href":"https:\/\/linitiative.ca\/International\/wp-json\/wp\/v2\/categories?post=113513"},{"taxonomy":"post_tag","embeddable":true,"href":"https:\/\/linitiative.ca\/International\/wp-json\/wp\/v2\/tags?post=113513"}],"curies":[{"name":"wp","href":"https:\/\/api.w.org\/{rel}","templated":true}]}}