{"id":113514,"date":"2021-03-22T13:33:31","date_gmt":"2021-03-22T17:33:31","guid":{"rendered":"https:\/\/linitiative.ca\/International\/para-athletisme-les-athletes-de-locs-sillustrent-avec-lequipe-nationale\/"},"modified":"2021-03-22T13:33:31","modified_gmt":"2021-03-22T17:33:31","slug":"para-athletisme-les-athletes-de-locs-sillustrent-avec-lequipe-nationale","status":"publish","type":"post","link":"https:\/\/linitiative.ca\/International\/para-athletisme-les-athletes-de-locs-sillustrent-avec-lequipe-nationale\/","title":{"rendered":"Para-athl\u00e9tisme: Les athl\u00e8tes de l\u2019OCS s\u2019illustrent avec l\u2019\u00e9quipe nationale"},"content":{"rendered":"<div class=\"single-featured\"><img alt=\"\" data-src=\"http:\/\/www.mapmarrakech.ma\/map\/uploads\/2021\/03\/ocs-copier.jpg\"\/><\/div>\n<div class=\"single-post-excerpt post-excerpt-bc\" readability=\"35\">\n<p>Safi \u2013 Les athl\u00e8tes du club Olympique de Safi (OCS) pour personnes en situation de handicap se sont illustr\u00e9s avec l\u2019\u00e9quipe nationale dans le cadre du Grand prix de Tunis 2021 de para-athl\u00e9tisme, qualificatif pour les Jeux paralympiques de Tokyo.<\/p>\n<\/div>\n<div class=\"entry-content clearfix single-post-content\" readability=\"66\">\n<p>Ainsi, l\u2019athl\u00e8te safiote Saida Amoudi a d\u00e9croch\u00e9 une pr\u00e9cieuse m\u00e9daille d\u2019or \u00e0 l\u2019\u00e9preuve du lancer de poids dans la cat\u00e9gorie (F33\/34), indique le Club Safiote dans un communiqu\u00e9.<\/p>\n<p>De son c\u00f4t\u00e9, l\u2019athl\u00e8te Azzeddine Nouiri (F33) a remport\u00e9 trois m\u00e9dailles, dont une m\u00e9daille d\u2019argent au lancer du disque ainsi que deux m\u00e9dailles de bronze, au lancer du Javelot (F33) et au lancer du poids dans la cat\u00e9gorie (F34), poursuit la m\u00eame source.<\/p>\n<p>Et de rappeler que ce champion avait remport\u00e9 la m\u00e9daille d\u2019or des Jeux paralympiques de Londres et ceux de Rio de Janeiro dans l\u2019\u00e9preuve du lancer de poids.<\/p>\n<p>Dans une d\u00e9claration \u00e0 la MAP, M. Choaib El Garrai, membre de l\u2019OCS pour personnes en situation de handicap, a indiqu\u00e9 que ces bons r\u00e9sultats, qui interviennent apr\u00e8s le d\u00e9confinement, augurent d\u2019une bonne participation lors des prochaines Jeux paralympiques de Tokyo, indiquant que ces r\u00e9sultats tr\u00e8s positifs sont le fruit d\u2019un travail s\u00e9rieux et des entra\u00eenements quasi-quotidiens avec l\u2019OCS.<\/p>\n<p>La s\u00e9lection nationale handisports a termin\u00e9 sa participation au Grand prix de Tunis 2021 de para-athl\u00e9tisme \u00e0 la deuxi\u00e8me place avec 23 m\u00e9dailles, dont neuf en or, pr\u00e9cise-t-on de m\u00eame source.<\/p>\n<p>Cette comp\u00e9tition internationale a \u00e9t\u00e9 organis\u00e9e du 18 au 20 mars au stade d\u2019athl\u00e9tisme de Rad\u00e8s (20 km de Tunis) avec la participation de 600 athl\u00e8tes repr\u00e9sentant 64 pays.<\/p>\n<\/div>\n<p>Auteur: Meriem IGASS<br \/>\n<a href=\"http:\/\/www.mapmarrakech.ma\/fr\/para-athletisme-les-athletes-de-locs-sillustrent-avec-lequipe-nationale\/\">Cliquez ici pour lire l&rsquo;article depuis sa source.<\/a><\/p>\n","protected":false},"excerpt":{"rendered":"<p>Safi \u2013 Les athl\u00e8tes du club Olympique de Safi (OCS) pour personnes en situation de handicap se sont illustr\u00e9s avec l\u2019\u00e9quipe nationale dans le cadre du Grand prix de Tunis 2021 de para-athl\u00e9tisme, qualificatif pour les Jeux paralympiques de Tokyo. Ainsi, l\u2019athl\u00e8te safiote Saida Amoudi a d\u00e9croch\u00e9 une pr\u00e9cieuse m\u00e9daille d\u2019or \u00e0 l\u2019\u00e9preuve du lancer [&hellip;]<\/p>\n","protected":false},"author":1788,"featured_media":0,"comment_status":"closed","ping_status":"closed","sticky":false,"template":"","format":"standard","meta":{"fifu_image_url":"http:\/\/www.mapmarrakech.ma\/map\/uploads\/2021\/03\/ocs-copier.jpg","fifu_image_alt":"Para-athl\u00e9tisme: Les athl\u00e8tes de l\u2019OCS s\u2019illustrent avec l\u2019\u00e9quipe nationale","footnotes":""},"categories":[54,76],"tags":[],"class_list":["post-113514","post","type-post","status-publish","format-standard","hentry","category-maroc","category-regions"],"_links":{"self":[{"href":"https:\/\/linitiative.ca\/International\/wp-json\/wp\/v2\/posts\/113514","targetHints":{"allow":["GET"]}}],"collection":[{"href":"https:\/\/linitiative.ca\/International\/wp-json\/wp\/v2\/posts"}],"about":[{"href":"https:\/\/linitiative.ca\/International\/wp-json\/wp\/v2\/types\/post"}],"author":[{"embeddable":true,"href":"https:\/\/linitiative.ca\/International\/wp-json\/wp\/v2\/users\/1788"}],"replies":[{"embeddable":true,"href":"https:\/\/linitiative.ca\/International\/wp-json\/wp\/v2\/comments?post=113514"}],"version-history":[{"count":0,"href":"https:\/\/linitiative.ca\/International\/wp-json\/wp\/v2\/posts\/113514\/revisions"}],"wp:attachment":[{"href":"https:\/\/linitiative.ca\/International\/wp-json\/wp\/v2\/media?parent=113514"}],"wp:term":[{"taxonomy":"category","embeddable":true,"href":"https:\/\/linitiative.ca\/International\/wp-json\/wp\/v2\/categories?post=113514"},{"taxonomy":"post_tag","embeddable":true,"href":"https:\/\/linitiative.ca\/International\/wp-json\/wp\/v2\/tags?post=113514"}],"curies":[{"name":"wp","href":"https:\/\/api.w.org\/{rel}","templated":true}]}}