{"id":113518,"date":"2021-03-21T18:40:25","date_gmt":"2021-03-21T22:40:25","guid":{"rendered":"https:\/\/linitiative.ca\/International\/le-british-council-decerne-le-prix-isa-2020-2023-a-20-lycees-marocains\/"},"modified":"2021-03-21T18:40:25","modified_gmt":"2021-03-21T22:40:25","slug":"le-british-council-decerne-le-prix-isa-2020-2023-a-20-lycees-marocains","status":"publish","type":"post","link":"https:\/\/linitiative.ca\/International\/le-british-council-decerne-le-prix-isa-2020-2023-a-20-lycees-marocains\/","title":{"rendered":"Le British Council d\u00e9cerne le Prix \u00abISA\u00bb 2020-2023 \u00e0 20 lyc\u00e9es marocains"},"content":{"rendered":"<p class=\"c4\">Le British Council Morocco, en partenariat avec le minist\u00e8re de l\u2019\u00c9ducation nationale, de la Formation professionnelle, de l\u2019Enseignement sup\u00e9rieur et de la Recherche scientifique, a d\u00e9cern\u00e9, vendredi \u00e0 Rabat, le prestigieux prix International School Award (ISA) \u00e0 une vingtaine de lyc\u00e9es marocains.<\/p>\n<p class=\"c4\">Ces lyc\u00e9es, qui se sont vu accorder un troph\u00e9e et des certificats par des invit\u00e9s d\u2019honneur du minist\u00e8re de l\u2019\u00c9ducation nationale et du British Council lors d\u2019une c\u00e9r\u00e9monie organis\u00e9e pour l\u2019occasion, sont autoris\u00e9s \u00e0 utiliser ce label durant une p\u00e9riode de trois ans, a indiqu\u00e9 un communiqu\u00e9 de British Council, pr\u00e9cisant qu\u2019environs 30 lyc\u00e9es de sept r\u00e9gions diff\u00e9rentes du Maroc ont postul\u00e9 pour le programme ISA en 2019-2020.<\/p>\n<p class=\"c4\">Le directeur de British Council, Tony Reilly, cit\u00e9 dans le communiqu\u00e9, a d\u00e9clar\u00e9 que \u00ab\u00a0l\u2019ISA est une marque d\u2019honneur prestigieuse pour les \u00e9coles qui peuvent apporter une dimension internationale \u00e0 l\u2019enseignement et \u00e0 l\u2019apprentissage\u00a0\u00bb, soulignant que le projet \u00ab\u00a0classes connect\u00e9es\u00a0\u00bb (Connecting Classrooms Online) aide les \u00e9coles de plus de 30 pays \u00e0 \u00e9tablir des partenariats durables avec les \u00e9coles du Royaume-Uni et entre elles.<\/p>\n<p class=\"c4\">Et d\u2019ajouter que ce programme fournit aux enseignants et aux chefs d\u2019\u00e9tablissement un d\u00e9veloppement professionnel et un acc\u00e8s en ligne \u00e0 des ressources destin\u00e9es \u00e0 les soutenir, et r\u00e9compense les \u00e9coles qui r\u00e9ussissent \u00e0 doter les jeunes des connaissances et des comp\u00e9tences n\u00e9cessaires pour vivre et travailler dans une \u00e9conomie de plus en plus mondialis\u00e9e. \u00ab\u00a0Si la pand\u00e9mie de la Covid-19 nous a appris une chose, c\u2019est \u00e0 quel point le monde est aujourd\u2019hui interconnect\u00e9\u00a0\u00bb, a-t-il dit.<\/p>\n<p class=\"c4\">L\u2019ISA est un prix annuel d\u00e9cern\u00e9 aux \u00e9coles participantes, lesquelles candidatent chaque ann\u00e9e en septembre\/octobre. Le British Council propose l\u2019ISA en tant que cadre d\u2019accr\u00e9ditation pour les \u00e9coles afin qu\u2019elles puissent enregistrer et \u00e9valuer leur travail international et de l\u2019int\u00e9grer dans leurs programmes, note le communiqu\u00e9, ajoutant que ce label sert de r\u00e9f\u00e9rence pour d\u00e9terminer si les \u00e9coles ont un niveau de soutien exceptionnel pour promouvoir la citoyennet\u00e9 mondiale chez les jeunes et enrichir l\u2019enseignement et l\u2019apprentissage.<\/p>\n<p class=\"c4\">Lanc\u00e9 en 2015 le programme \u00ab\u00a0Classes connect\u00e9es\u00a0\u00bb (Connecting Classrooms Online) est un projet global mis en \u0153uvre par le British Council dans l\u2019objectif d\u2019aider les jeunes \u00e0 acqu\u00e9rir les connaissances, les comp\u00e9tences et les valeurs n\u00e9cessaires pour vivre et travailler dans une \u00e9conomie mondialis\u00e9e et apporter une contribution positive au niveau local et mondial.<\/p>\n<p>Auteur: Soufiane ELAHMAR<br \/>\n<a href=\"http:\/\/www.mapoujda.ma\/fr\/le-british-council-decerne-le-prix-isa-2020-2023-a-20-lycees-marocains\/\">Cliquez ici pour lire l&rsquo;article depuis sa source.<\/a><\/p>\n","protected":false},"excerpt":{"rendered":"<p>Le British Council Morocco, en partenariat avec le minist\u00e8re de l\u2019\u00c9ducation nationale, de la Formation professionnelle, de l\u2019Enseignement sup\u00e9rieur et de la Recherche scientifique, a d\u00e9cern\u00e9, vendredi \u00e0 Rabat, le prestigieux prix International School Award (ISA) \u00e0 une vingtaine de lyc\u00e9es marocains. Ces lyc\u00e9es, qui se sont vu accorder un troph\u00e9e et des certificats par [&hellip;]<\/p>\n","protected":false},"author":1788,"featured_media":0,"comment_status":"closed","ping_status":"closed","sticky":false,"template":"","format":"standard","meta":{"fifu_image_url":"","fifu_image_alt":"","footnotes":""},"categories":[54,76],"tags":[],"class_list":["post-113518","post","type-post","status-publish","format-standard","hentry","category-maroc","category-regions"],"_links":{"self":[{"href":"https:\/\/linitiative.ca\/International\/wp-json\/wp\/v2\/posts\/113518","targetHints":{"allow":["GET"]}}],"collection":[{"href":"https:\/\/linitiative.ca\/International\/wp-json\/wp\/v2\/posts"}],"about":[{"href":"https:\/\/linitiative.ca\/International\/wp-json\/wp\/v2\/types\/post"}],"author":[{"embeddable":true,"href":"https:\/\/linitiative.ca\/International\/wp-json\/wp\/v2\/users\/1788"}],"replies":[{"embeddable":true,"href":"https:\/\/linitiative.ca\/International\/wp-json\/wp\/v2\/comments?post=113518"}],"version-history":[{"count":0,"href":"https:\/\/linitiative.ca\/International\/wp-json\/wp\/v2\/posts\/113518\/revisions"}],"wp:attachment":[{"href":"https:\/\/linitiative.ca\/International\/wp-json\/wp\/v2\/media?parent=113518"}],"wp:term":[{"taxonomy":"category","embeddable":true,"href":"https:\/\/linitiative.ca\/International\/wp-json\/wp\/v2\/categories?post=113518"},{"taxonomy":"post_tag","embeddable":true,"href":"https:\/\/linitiative.ca\/International\/wp-json\/wp\/v2\/tags?post=113518"}],"curies":[{"name":"wp","href":"https:\/\/api.w.org\/{rel}","templated":true}]}}