{"id":113519,"date":"2021-03-22T08:02:56","date_gmt":"2021-03-22T12:02:56","guid":{"rendered":"https:\/\/linitiative.ca\/International\/hausse-de-03-des-prix-a-la-consommation-en-fevrier\/"},"modified":"2021-03-22T08:02:56","modified_gmt":"2021-03-22T12:02:56","slug":"hausse-de-03-des-prix-a-la-consommation-en-fevrier","status":"publish","type":"post","link":"https:\/\/linitiative.ca\/International\/hausse-de-03-des-prix-a-la-consommation-en-fevrier\/","title":{"rendered":"Hausse de 0,3 % des prix \u00e0 la consommation en f\u00e9vrier"},"content":{"rendered":"<p class=\"c4\">L\u2019indice des prix \u00e0 la consommation (IPC) a enregistr\u00e9 une hausse de 0,3% en f\u00e9vrier 2021, compar\u00e9 au m\u00eame mois de l\u2019ann\u00e9e pr\u00e9c\u00e9dente, indique le Haut-commissariat au plan (HCP).<\/p>\n<p class=\"c4\">Cette hausse est la cons\u00e9quence de l\u2019augmentation de l\u2019indice des produits non alimentaires de 0,9% et de la baisse de celui des produits alimentaires de 0,8%, explique le HCP dans une note d\u2019information relative \u00e0 l\u2019IPC du mois de f\u00e9vrier 2021.<\/p>\n<p class=\"c4\">Le Haut Commissariat note que les variations enregistr\u00e9es pour les produits non alimentaires vont d\u2019une baisse de 0,1% pour les \u00ab\u00a0loisirs et culture\u00a0\u00bb, la \u00ab\u00a0communication\u00a0\u00bb et la \u00ab\u00a0sant\u00e9\u00a0\u00bb \u00e0 une hausse de 2,5% pour le \u00ab\u00a0transport\u00a0\u00bb.<\/p>\n<p class=\"c4\">En glissement mensuel, l\u2019IPC a connu, au cours du mois de f\u00e9vrier 2021, une hausse de 0,1%, due \u00e0 l\u2019augmentation de 0,1% de l\u2019indice des produits non alimentaires et de la baisse de 0,1% de l\u2019indice des produits alimentaires.<\/p>\n<p class=\"c4\">Les baisses des produits alimentaires observ\u00e9es entre janvier et f\u00e9vrier 2021 concernent principalement les \u00ab\u00a0l\u00e9gumes\u00a0\u00bb avec 1,5%, les \u00ab\u00a0poissons et fruits de mer\u00a0\u00bb et les \u00ab\u00a0viandes\u00a0\u00bb avec 1,3% et le \u00ab\u00a0sucre, confiture, miel, chocolat et confiserie\u00a0\u00bb avec 0,2%, rel\u00e8ve le HCP, ajoutant qu\u2019en revanche, les prix ont augment\u00e9 de 2,4% pour les \u00ab\u00a0huiles et graisses\u00a0\u00bb, de 1,6% pour les \u00ab\u00a0fruits\u00a0\u00bb et de 0,3% pour le \u00ab\u00a0lait, fromage et \u0153ufs\u00a0\u00bb. Pour les produits non alimentaires, la hausse a concern\u00e9 principalement les prix des \u00ab\u00a0carburants\u00a0\u00bb avec 2,5%.<\/p>\n<p class=\"c4\">Par villes, les hausses les plus importantes de l\u2019IPC ont \u00e9t\u00e9 enregistr\u00e9es \u00e0 Agadir, Tanger et Errachidia avec 0,3%, \u00e0 Oujda et Settat avec 0,2% et \u00e0 Marrakech, T\u00e9touan et Al-hoceima avec 0,1%. En revanche, les baisses les plus importantes ont \u00e9t\u00e9 enregistr\u00e9es \u00e0 Safi avec 0,6% et \u00e0 Dakhla avec 0,2%.<\/p>\n<p class=\"c4\">Dans ces conditions, l\u2019indicateur d\u2019inflation sous-jacente, qui exclut les produits \u00e0 prix volatiles et les produits \u00e0 tarifs publics, aurait connu au cours du mois de f\u00e9vrier 2021 une hausse de 0,2% par rapport au mois de janvier 2021 et de 0,6% par rapport au mois de f\u00e9vrier 2020, conclut le HCP.<\/p>\n<p>Auteur: Soufiane ELAHMAR<br \/>\n<a href=\"http:\/\/www.mapoujda.ma\/fr\/hausse-de-03-des-prix-a-la-consommation-en-fevrier\/\">Cliquez ici pour lire l&rsquo;article depuis sa source.<\/a><\/p>\n","protected":false},"excerpt":{"rendered":"<p>L\u2019indice des prix \u00e0 la consommation (IPC) a enregistr\u00e9 une hausse de 0,3% en f\u00e9vrier 2021, compar\u00e9 au m\u00eame mois de l\u2019ann\u00e9e pr\u00e9c\u00e9dente, indique le Haut-commissariat au plan (HCP). Cette hausse est la cons\u00e9quence de l\u2019augmentation de l\u2019indice des produits non alimentaires de 0,9% et de la baisse de celui des produits alimentaires de 0,8%, [&hellip;]<\/p>\n","protected":false},"author":1788,"featured_media":0,"comment_status":"closed","ping_status":"closed","sticky":false,"template":"","format":"standard","meta":{"fifu_image_url":"","fifu_image_alt":"","footnotes":""},"categories":[54,76],"tags":[],"class_list":["post-113519","post","type-post","status-publish","format-standard","hentry","category-maroc","category-regions"],"_links":{"self":[{"href":"https:\/\/linitiative.ca\/International\/wp-json\/wp\/v2\/posts\/113519","targetHints":{"allow":["GET"]}}],"collection":[{"href":"https:\/\/linitiative.ca\/International\/wp-json\/wp\/v2\/posts"}],"about":[{"href":"https:\/\/linitiative.ca\/International\/wp-json\/wp\/v2\/types\/post"}],"author":[{"embeddable":true,"href":"https:\/\/linitiative.ca\/International\/wp-json\/wp\/v2\/users\/1788"}],"replies":[{"embeddable":true,"href":"https:\/\/linitiative.ca\/International\/wp-json\/wp\/v2\/comments?post=113519"}],"version-history":[{"count":0,"href":"https:\/\/linitiative.ca\/International\/wp-json\/wp\/v2\/posts\/113519\/revisions"}],"wp:attachment":[{"href":"https:\/\/linitiative.ca\/International\/wp-json\/wp\/v2\/media?parent=113519"}],"wp:term":[{"taxonomy":"category","embeddable":true,"href":"https:\/\/linitiative.ca\/International\/wp-json\/wp\/v2\/categories?post=113519"},{"taxonomy":"post_tag","embeddable":true,"href":"https:\/\/linitiative.ca\/International\/wp-json\/wp\/v2\/tags?post=113519"}],"curies":[{"name":"wp","href":"https:\/\/api.w.org\/{rel}","templated":true}]}}