{"id":113520,"date":"2021-03-22T11:47:21","date_gmt":"2021-03-22T15:47:21","guid":{"rendered":"https:\/\/linitiative.ca\/International\/rabat-lagglomeration-veut-se-doter-dun-pmud\/"},"modified":"2021-03-22T11:47:21","modified_gmt":"2021-03-22T15:47:21","slug":"rabat-lagglomeration-veut-se-doter-dun-pmud","status":"publish","type":"post","link":"https:\/\/linitiative.ca\/International\/rabat-lagglomeration-veut-se-doter-dun-pmud\/","title":{"rendered":"Rabat: L\u2019agglom\u00e9ration veut se doter d&rsquo;un PMUD"},"content":{"rendered":"<p class=\"rtejustify\">Rabat pr\u00e9pare le terrain pour se doter d\u2019une vision pour l\u2019organisation du transport, de la circulation et du stationnement dans l\u2019ensemble du p\u00e9rim\u00e8tre de l\u2019agglom\u00e9ration. Pour ce faire, un appel d\u2019offres a \u00e9t\u00e9 lanc\u00e9 pour l\u2019ex\u00e9cution des \u00e9tudes pour l\u2019\u00e9laboration d\u2019un plan de mobilit\u00e9 urbaine durable (PMUD) sur le p\u00e9rim\u00e8tre de l\u2019agglom\u00e9ration Rabat-Sal\u00e9-T\u00e9mara, indique Jama\u00e2 El Mo\u00e2tassim, pr\u00e9sident de l\u2019\u00c9tablissement de coop\u00e9ration intercommunale (ECI) Al-Assima dont rel\u00e8ve le secteur du transport. \u00ab\u00a0Le suivi de ce projet a \u00e9t\u00e9 confi\u00e9 \u00e0 la Soci\u00e9t\u00e9 du tramway de Rabat-Sal\u00e9 (STRS) qui dispose de l\u2019expertise requise pour le r\u00e9ussir\u00a0\u00bb, ajoute-t-il.<\/p>\n<p class=\"rtejustify\">\u00ab\u00a0L\u2019ouverture des plis des offres est pr\u00e9vue le 15 avril prochain\u00a0\u00bb, confie un \u00e9lu de Rabat. \u00ab\u00a0Apr\u00e8s, il faut pr\u00e8s de 20 mois pour la r\u00e9alisation de ce travail dont le co\u00fbt avoisine 18 millions de DH\u00a0\u00bb, selon une source proche du dossier. \u00ab\u00a0Ce document va nous permettre de nous doter d\u2019une vision claire pour l\u2019organisation du secteur du transport, tous modes confondus : bus, taxis, tramway\u2026, \u00e0 l\u2019horizon 2035\u00a0\u00bb, ajoute-t-elle.<\/p>\n<p class=\"rtejustify\"><em>N.E.A.<\/em><\/p>\n<p>Auteur: hgueye<br \/>\n<a href=\"https:\/\/www.leconomiste.com\/flash-infos\/rabat-l-agglomeration-veut-se-doter-d-un-pmud\">Cliquez ici pour lire l&rsquo;article depuis sa source.<\/a><\/p>\n","protected":false},"excerpt":{"rendered":"<p>Rabat pr\u00e9pare le terrain pour se doter d\u2019une vision pour l\u2019organisation du transport, de la circulation et du stationnement dans l\u2019ensemble du p\u00e9rim\u00e8tre de l\u2019agglom\u00e9ration. Pour ce faire, un appel d\u2019offres a \u00e9t\u00e9 lanc\u00e9 pour l\u2019ex\u00e9cution des \u00e9tudes pour l\u2019\u00e9laboration d\u2019un plan de mobilit\u00e9 urbaine durable (PMUD) sur le p\u00e9rim\u00e8tre de l\u2019agglom\u00e9ration Rabat-Sal\u00e9-T\u00e9mara, indique Jama\u00e2 [&hellip;]<\/p>\n","protected":false},"author":1763,"featured_media":0,"comment_status":"closed","ping_status":"closed","sticky":false,"template":"","format":"standard","meta":{"fifu_image_url":"","fifu_image_alt":"","footnotes":""},"categories":[78,54],"tags":[],"class_list":["post-113520","post","type-post","status-publish","format-standard","hentry","category-economie","category-maroc"],"_links":{"self":[{"href":"https:\/\/linitiative.ca\/International\/wp-json\/wp\/v2\/posts\/113520","targetHints":{"allow":["GET"]}}],"collection":[{"href":"https:\/\/linitiative.ca\/International\/wp-json\/wp\/v2\/posts"}],"about":[{"href":"https:\/\/linitiative.ca\/International\/wp-json\/wp\/v2\/types\/post"}],"author":[{"embeddable":true,"href":"https:\/\/linitiative.ca\/International\/wp-json\/wp\/v2\/users\/1763"}],"replies":[{"embeddable":true,"href":"https:\/\/linitiative.ca\/International\/wp-json\/wp\/v2\/comments?post=113520"}],"version-history":[{"count":0,"href":"https:\/\/linitiative.ca\/International\/wp-json\/wp\/v2\/posts\/113520\/revisions"}],"wp:attachment":[{"href":"https:\/\/linitiative.ca\/International\/wp-json\/wp\/v2\/media?parent=113520"}],"wp:term":[{"taxonomy":"category","embeddable":true,"href":"https:\/\/linitiative.ca\/International\/wp-json\/wp\/v2\/categories?post=113520"},{"taxonomy":"post_tag","embeddable":true,"href":"https:\/\/linitiative.ca\/International\/wp-json\/wp\/v2\/tags?post=113520"}],"curies":[{"name":"wp","href":"https:\/\/api.w.org\/{rel}","templated":true}]}}