{"id":113522,"date":"2021-03-22T12:26:29","date_gmt":"2021-03-22T16:26:29","guid":{"rendered":"https:\/\/linitiative.ca\/International\/education-financiere-les-actions-de-lammc-durant-le-global-money-week\/"},"modified":"2021-03-22T12:26:29","modified_gmt":"2021-03-22T16:26:29","slug":"education-financiere-les-actions-de-lammc-durant-le-global-money-week","status":"publish","type":"post","link":"https:\/\/linitiative.ca\/International\/education-financiere-les-actions-de-lammc-durant-le-global-money-week\/","title":{"rendered":"Education financi\u00e8re: Les actions de l&rsquo;AMMC durant le Global Money Week"},"content":{"rendered":"<p class=\"rtejustify\">L\u2019Autorit\u00e9 Marocaine du March\u00e9 des Capitaux (AMMC) r\u00e9affirme son engagement pour la promotion de l\u2019\u00e9ducation financi\u00e8re du jeune public. Elle\u00a0participe \u00e0 la Global Money Week (GMW), campagne mondiale organis\u00e9e par le R\u00e9seau international de l\u2019OCDE pour l\u2019\u00e9ducation financi\u00e8re (OCDE\/INFE), \u00e0 travers diverses actions qui seront men\u00e9es au profit du public\u00a0sur les sujets de l\u2019\u00e9pargne et de l\u2019investissement dans le march\u00e9 des capitaux.<br \/>Pour initier cette cible au monde de la finance, l\u2019Autorit\u00e9 tiendra des webinaires en faveur des \u00e9tudiants\u00a0et mettra\u00a0\u00e0 disposition des professeurs du secondaire un support p\u00e9dagogique enregistr\u00e9 par ses \u00e9quipes qui sera diffus\u00e9 aupr\u00e8s des \u00e9l\u00e8ves. Les actions portent en outre sur la publication de deux nouveaux guides de l\u2019investisseur afin de permettre au public de comprendre les instruments financiers et leurs m\u00e9canismes ainsi que les contours des\u00a0introductions en bourses.<\/p>\n<p class=\"rtejustify\">Par ailleurs,\u00a0l&rsquo;AMMC initiera un\u00a0comp\u00e9tition sur la connaissance du march\u00e9 des capitaux \u00e0 travers l\u2019application \u00ab\u00a0Quiz Finance\u00a0\u00bb, outren une formation au profit des formateurs de la Fondation marocaine pour l\u2019\u00e9ducation financi\u00e8re (FMEF) portant sur l\u2019organisation et le fonctionnement du march\u00e9.<\/p>\n<p>Auteur: hgueye<br \/>\n<a href=\"https:\/\/www.leconomiste.com\/flash-infos\/education-financiere-les-actions-de-l-ammc-durant-le-global-money-week\">Cliquez ici pour lire l&rsquo;article depuis sa source.<\/a><\/p>\n","protected":false},"excerpt":{"rendered":"<p>L\u2019Autorit\u00e9 Marocaine du March\u00e9 des Capitaux (AMMC) r\u00e9affirme son engagement pour la promotion de l\u2019\u00e9ducation financi\u00e8re du jeune public. Elle\u00a0participe \u00e0 la Global Money Week (GMW), campagne mondiale organis\u00e9e par le R\u00e9seau international de l\u2019OCDE pour l\u2019\u00e9ducation financi\u00e8re (OCDE\/INFE), \u00e0 travers diverses actions qui seront men\u00e9es au profit du public\u00a0sur les sujets de l\u2019\u00e9pargne et [&hellip;]<\/p>\n","protected":false},"author":1763,"featured_media":0,"comment_status":"closed","ping_status":"closed","sticky":false,"template":"","format":"standard","meta":{"fifu_image_url":"","fifu_image_alt":"","footnotes":""},"categories":[78,54],"tags":[],"class_list":["post-113522","post","type-post","status-publish","format-standard","hentry","category-economie","category-maroc"],"_links":{"self":[{"href":"https:\/\/linitiative.ca\/International\/wp-json\/wp\/v2\/posts\/113522","targetHints":{"allow":["GET"]}}],"collection":[{"href":"https:\/\/linitiative.ca\/International\/wp-json\/wp\/v2\/posts"}],"about":[{"href":"https:\/\/linitiative.ca\/International\/wp-json\/wp\/v2\/types\/post"}],"author":[{"embeddable":true,"href":"https:\/\/linitiative.ca\/International\/wp-json\/wp\/v2\/users\/1763"}],"replies":[{"embeddable":true,"href":"https:\/\/linitiative.ca\/International\/wp-json\/wp\/v2\/comments?post=113522"}],"version-history":[{"count":0,"href":"https:\/\/linitiative.ca\/International\/wp-json\/wp\/v2\/posts\/113522\/revisions"}],"wp:attachment":[{"href":"https:\/\/linitiative.ca\/International\/wp-json\/wp\/v2\/media?parent=113522"}],"wp:term":[{"taxonomy":"category","embeddable":true,"href":"https:\/\/linitiative.ca\/International\/wp-json\/wp\/v2\/categories?post=113522"},{"taxonomy":"post_tag","embeddable":true,"href":"https:\/\/linitiative.ca\/International\/wp-json\/wp\/v2\/tags?post=113522"}],"curies":[{"name":"wp","href":"https:\/\/api.w.org\/{rel}","templated":true}]}}