{"id":113523,"date":"2021-03-22T12:57:44","date_gmt":"2021-03-22T16:57:44","guid":{"rendered":"https:\/\/linitiative.ca\/International\/maroc-israel-la-cgem-et-liebo-se-rapprochent\/"},"modified":"2021-03-22T12:57:44","modified_gmt":"2021-03-22T16:57:44","slug":"maroc-israel-la-cgem-et-liebo-se-rapprochent","status":"publish","type":"post","link":"https:\/\/linitiative.ca\/International\/maroc-israel-la-cgem-et-liebo-se-rapprochent\/","title":{"rendered":"Maroc &#8211; Isra\u00ebl: La CGEM et l&rsquo;IEBO se rapprochent"},"content":{"rendered":"<p class=\"rtejustify\">Le Maroc et l&rsquo;Isra\u00ebl veulent renforcer leurs relations \u00e9conomiques et commerciales apr\u00e8s leur rapprochement. La Conf\u00e9d\u00e9ration g\u00e9n\u00e9rale des entreprises du Maroc (CGEM) et\u00a0et Israeli Employers and Business Organizations (IEBO) ont sign\u00e9, lundi 22 mars,\u00a0un accord de partenariat strat\u00e9gique afin de promouvoir les relations \u00e9conomiques et commerciales et le d\u00e9veloppement technologique entre les deux pays.\u00a0<\/p>\n<p class=\"rtejustify\">Ce partenariat permettra d\u2019\u00e9tablir un dialogue ouvert et\u00a0permanent et de cr\u00e9er de fortes synergies entre nos communaut\u00e9s d\u2019affaires respectives dans des secteurs tels que le tourisme, l&rsquo;industrie, les \u00e9nergies renouvelables, la technologie et\u00a0l&rsquo;innovation, indique la conf\u00e9d\u00e9ration patronale.<\/p>\n<p>Auteur: hgueye<br \/>\n<a href=\"https:\/\/www.leconomiste.com\/flash-infos\/maroc-israel-la-cgem-et-l-iebo-se-rapprochent\">Cliquez ici pour lire l&rsquo;article depuis sa source.<\/a><\/p>\n","protected":false},"excerpt":{"rendered":"<p>Le Maroc et l&rsquo;Isra\u00ebl veulent renforcer leurs relations \u00e9conomiques et commerciales apr\u00e8s leur rapprochement. La Conf\u00e9d\u00e9ration g\u00e9n\u00e9rale des entreprises du Maroc (CGEM) et\u00a0et Israeli Employers and Business Organizations (IEBO) ont sign\u00e9, lundi 22 mars,\u00a0un accord de partenariat strat\u00e9gique afin de promouvoir les relations \u00e9conomiques et commerciales et le d\u00e9veloppement technologique entre les deux pays.\u00a0 Ce [&hellip;]<\/p>\n","protected":false},"author":1763,"featured_media":0,"comment_status":"closed","ping_status":"closed","sticky":false,"template":"","format":"standard","meta":{"fifu_image_url":"","fifu_image_alt":"","footnotes":""},"categories":[78,54],"tags":[],"class_list":["post-113523","post","type-post","status-publish","format-standard","hentry","category-economie","category-maroc"],"_links":{"self":[{"href":"https:\/\/linitiative.ca\/International\/wp-json\/wp\/v2\/posts\/113523","targetHints":{"allow":["GET"]}}],"collection":[{"href":"https:\/\/linitiative.ca\/International\/wp-json\/wp\/v2\/posts"}],"about":[{"href":"https:\/\/linitiative.ca\/International\/wp-json\/wp\/v2\/types\/post"}],"author":[{"embeddable":true,"href":"https:\/\/linitiative.ca\/International\/wp-json\/wp\/v2\/users\/1763"}],"replies":[{"embeddable":true,"href":"https:\/\/linitiative.ca\/International\/wp-json\/wp\/v2\/comments?post=113523"}],"version-history":[{"count":0,"href":"https:\/\/linitiative.ca\/International\/wp-json\/wp\/v2\/posts\/113523\/revisions"}],"wp:attachment":[{"href":"https:\/\/linitiative.ca\/International\/wp-json\/wp\/v2\/media?parent=113523"}],"wp:term":[{"taxonomy":"category","embeddable":true,"href":"https:\/\/linitiative.ca\/International\/wp-json\/wp\/v2\/categories?post=113523"},{"taxonomy":"post_tag","embeddable":true,"href":"https:\/\/linitiative.ca\/International\/wp-json\/wp\/v2\/tags?post=113523"}],"curies":[{"name":"wp","href":"https:\/\/api.w.org\/{rel}","templated":true}]}}