{"id":113524,"date":"2021-03-22T13:10:53","date_gmt":"2021-03-22T17:10:53","guid":{"rendered":"https:\/\/linitiative.ca\/International\/covid19-seules-593-personnes-ont-recu-leur-premiere-dose\/"},"modified":"2021-03-22T13:10:53","modified_gmt":"2021-03-22T17:10:53","slug":"covid19-seules-593-personnes-ont-recu-leur-premiere-dose","status":"publish","type":"post","link":"https:\/\/linitiative.ca\/International\/covid19-seules-593-personnes-ont-recu-leur-premiere-dose\/","title":{"rendered":"Covid19: Seules 593 personnes ont re\u00e7u leur premi\u00e8re dose"},"content":{"rendered":"<p class=\"rtejustify\">Le Maroc a enregistr\u00e9 <strong>125<\/strong> nouveaux cas de Covid19 durant les derni\u00e8res 24 heures, ce qui porte le total \u00e0 <strong>491.834<\/strong>\u00a0\u00a0cas confirm\u00e9s, d&rsquo;apr\u00e8s le nouveau bilan du minist\u00e8re de la Sant\u00e9 de ce lundi 22 mars 2021. Le nombre total de personnes vaccin\u00e9es se chiffre \u00e0 <strong>4.264.761<\/strong>, soit <strong>593<\/strong> nouvelles vaccinations pour la premi\u00e8re dose, indique le minist\u00e8re.\u00a0<strong>2.516.742<\/strong> personnes ont pris leur 2e dose, ce qui porte le nombre de personnes vaccin\u00e9es en 24 heures \u00e0 pr\u00e8s de 94.000.<\/p>\n<p class=\"rtejustify\">Casablanca-Settat a enregistr\u00e9 55 nouveaux cas, alors que la r\u00e9gion de Rabat-Sal\u00e9-K\u00e9nitra\u00a0en compte 31. Au total, <strong>4.429<\/strong> nouveaux tests ont \u00e9t\u00e9 r\u00e9alis\u00e9s.<\/p>\n<p class=\"rtejustify\">Quant au nombre de d\u00e9c\u00e8s, il s&rsquo;\u00e9tablit \u00e0 <strong>8.769<\/strong>, soit 2 d\u00e9c\u00e8s de plus en 24 heures (taux de l\u00e9talit\u00e9 1,8%), alors que <strong>305<\/strong> nouvelles gu\u00e9risons ont \u00e9t\u00e9 recens\u00e9es, soit au total\u00a0<strong>479.557<\/strong> (taux de gu\u00e9rison 97,5%). Le nombre de cas encore actifs atteint 3.508, dont <strong>419<\/strong> s\u00e9v\u00e8res. Parmi ces derniers, <strong>25<\/strong> sont sous intubation, alors que <strong>241<\/strong> sont sous ventilation non invasive. Par ailleurs, le taux d&rsquo;occupation des lits d\u00e9di\u00e9s au Covid-19 atteint 13,3%.<\/p>\n<blockquote readability=\"4.75\">\n<p class=\"rtejustify\"><strong>Pour plus de d\u00e9tails, voir l&rsquo;\u00e9volution en temps r\u00e9el de l&rsquo;\u00e9pid\u00e9mie sur <a href=\"https:\/\/www.leconomiste.com\/covid19\/\">https:\/\/www.leconomiste.com\/covid19\/<\/a><\/strong><\/p>\n<\/blockquote>\n<p>Auteur: hgueye<br \/>\n<a href=\"https:\/\/www.leconomiste.com\/flash-infos\/covid19-millions-de-personnes-vaccinees-11\">Cliquez ici pour lire l&rsquo;article depuis sa source.<\/a><\/p>\n","protected":false},"excerpt":{"rendered":"<p>Le Maroc a enregistr\u00e9 125 nouveaux cas de Covid19 durant les derni\u00e8res 24 heures, ce qui porte le total \u00e0 491.834\u00a0\u00a0cas confirm\u00e9s, d&rsquo;apr\u00e8s le nouveau bilan du minist\u00e8re de la Sant\u00e9 de ce lundi 22 mars 2021. Le nombre total de personnes vaccin\u00e9es se chiffre \u00e0 4.264.761, soit 593 nouvelles vaccinations pour la premi\u00e8re dose, [&hellip;]<\/p>\n","protected":false},"author":1763,"featured_media":0,"comment_status":"closed","ping_status":"closed","sticky":false,"template":"","format":"standard","meta":{"fifu_image_url":"","fifu_image_alt":"","footnotes":""},"categories":[78,54],"tags":[],"class_list":["post-113524","post","type-post","status-publish","format-standard","hentry","category-economie","category-maroc"],"_links":{"self":[{"href":"https:\/\/linitiative.ca\/International\/wp-json\/wp\/v2\/posts\/113524","targetHints":{"allow":["GET"]}}],"collection":[{"href":"https:\/\/linitiative.ca\/International\/wp-json\/wp\/v2\/posts"}],"about":[{"href":"https:\/\/linitiative.ca\/International\/wp-json\/wp\/v2\/types\/post"}],"author":[{"embeddable":true,"href":"https:\/\/linitiative.ca\/International\/wp-json\/wp\/v2\/users\/1763"}],"replies":[{"embeddable":true,"href":"https:\/\/linitiative.ca\/International\/wp-json\/wp\/v2\/comments?post=113524"}],"version-history":[{"count":0,"href":"https:\/\/linitiative.ca\/International\/wp-json\/wp\/v2\/posts\/113524\/revisions"}],"wp:attachment":[{"href":"https:\/\/linitiative.ca\/International\/wp-json\/wp\/v2\/media?parent=113524"}],"wp:term":[{"taxonomy":"category","embeddable":true,"href":"https:\/\/linitiative.ca\/International\/wp-json\/wp\/v2\/categories?post=113524"},{"taxonomy":"post_tag","embeddable":true,"href":"https:\/\/linitiative.ca\/International\/wp-json\/wp\/v2\/tags?post=113524"}],"curies":[{"name":"wp","href":"https:\/\/api.w.org\/{rel}","templated":true}]}}