{"id":113525,"date":"2021-03-22T15:14:05","date_gmt":"2021-03-22T19:14:05","guid":{"rendered":"https:\/\/linitiative.ca\/International\/international-as-rome-une-tendance-se-dessine-pour-mayoral\/"},"modified":"2021-03-22T15:14:05","modified_gmt":"2021-03-22T19:14:05","slug":"international-as-rome-une-tendance-se-dessine-pour-mayoral","status":"publish","type":"post","link":"https:\/\/linitiative.ca\/International\/international-as-rome-une-tendance-se-dessine-pour-mayoral\/","title":{"rendered":"International : AS Rome : Une tendance se dessine pour Mayoral"},"content":{"rendered":"<div readability=\"32\">\n<p>Auteur : <span class=\"time\">lundi 22 mars 2021 14:30<\/span><\/p>\n<\/div>\n<div id=\"post_core\" readability=\"45\">\n<p>La Louve entend s\u2019attacher d\u00e9finitivement les services du footballeur \u00e2g\u00e9 de 23 ans, selon Topmercato et La Gazzetta dello Sport. Pour rappel, la formation transalpine devra d\u00e9bourser 15 millions d\u2019euros l\u2019\u00e9t\u00e9 prochain pour enr\u00f4ler l\u2019ancien joueur de Levante, et 20 millions d\u2019euros au cours de l\u2019\u00e9t\u00e9 2022. Appr\u00e9ci\u00e9 de Paulo Fonseca, Borja Mayoral pourrait \u00eatre amen\u00e9 \u00e0 remplacer num\u00e9riquement l\u2019avant-centre bosnien Edin Dzeko, dont le contrat du c\u00f4t\u00e9 du Stadio Olimpico se termine en juin 2022. Li\u00e9 jusqu\u2019en juin 2023 avec la Casa Blanca, avec laquelle il n\u2019a jamais r\u00e9ussi \u00e0 s\u2019imposer, le joueur floqu\u00e9 du num\u00e9ro 21 de l\u2019autre c\u00f4t\u00e9 des Alpes a disput\u00e9 33 matches toutes comp\u00e9titions confondues avec l\u2019AS Rome (13 buts), pour 22 rencontres de Serie A (6 buts) et 10 matches de Ligue Europa (7 buts).\u00a0<\/p>\n<p><strong>Publi\u00e9 dans :<\/strong> <span>As Rome<\/span> <span>Mayoral<\/span><\/p>\n<\/div>\n<p>Auteur:<br \/>\n<a href=\"http:\/\/www.lebuteur.com\/article\/detail?titre=as-rome-une-tendance-se-dessine-pour-mayoral&#038;id=99482&#038;utm_source=feedburner&#038;utm_medium=feed&#038;utm_campaign=Feed%3A+GalerieFArtciles+%28Les+derniers+articles++-+lebuteur.com%29\">Cliquez ici pour lire l&rsquo;article depuis sa source.<\/a><\/p>\n","protected":false},"excerpt":{"rendered":"<p>Auteur : lundi 22 mars 2021 14:30 La Louve entend s\u2019attacher d\u00e9finitivement les services du footballeur \u00e2g\u00e9 de 23 ans, selon Topmercato et La Gazzetta dello Sport. Pour rappel, la formation transalpine devra d\u00e9bourser 15 millions d\u2019euros l\u2019\u00e9t\u00e9 prochain pour enr\u00f4ler l\u2019ancien joueur de Levante, et 20 millions d\u2019euros au cours de l\u2019\u00e9t\u00e9 2022. Appr\u00e9ci\u00e9 [&hellip;]<\/p>\n","protected":false},"author":1738,"featured_media":0,"comment_status":"closed","ping_status":"closed","sticky":false,"template":"","format":"standard","meta":{"fifu_image_url":"\/\/cdn.lebuteur.com\/data\/images\/article\/thumbs\/large-as-rome-une-tendance-se-dessine-pour-mayoral-74c42.jpg","fifu_image_alt":"International : AS Rome : Une tendance se dessine pour Mayoral","footnotes":""},"categories":[53,75],"tags":[],"class_list":["post-113525","post","type-post","status-publish","format-standard","hentry","category-algerie","category-sport"],"_links":{"self":[{"href":"https:\/\/linitiative.ca\/International\/wp-json\/wp\/v2\/posts\/113525","targetHints":{"allow":["GET"]}}],"collection":[{"href":"https:\/\/linitiative.ca\/International\/wp-json\/wp\/v2\/posts"}],"about":[{"href":"https:\/\/linitiative.ca\/International\/wp-json\/wp\/v2\/types\/post"}],"author":[{"embeddable":true,"href":"https:\/\/linitiative.ca\/International\/wp-json\/wp\/v2\/users\/1738"}],"replies":[{"embeddable":true,"href":"https:\/\/linitiative.ca\/International\/wp-json\/wp\/v2\/comments?post=113525"}],"version-history":[{"count":0,"href":"https:\/\/linitiative.ca\/International\/wp-json\/wp\/v2\/posts\/113525\/revisions"}],"wp:attachment":[{"href":"https:\/\/linitiative.ca\/International\/wp-json\/wp\/v2\/media?parent=113525"}],"wp:term":[{"taxonomy":"category","embeddable":true,"href":"https:\/\/linitiative.ca\/International\/wp-json\/wp\/v2\/categories?post=113525"},{"taxonomy":"post_tag","embeddable":true,"href":"https:\/\/linitiative.ca\/International\/wp-json\/wp\/v2\/tags?post=113525"}],"curies":[{"name":"wp","href":"https:\/\/api.w.org\/{rel}","templated":true}]}}