{"id":113526,"date":"2021-03-22T15:14:08","date_gmt":"2021-03-22T19:14:08","guid":{"rendered":"https:\/\/linitiative.ca\/International\/equipe-dalgerie-en-belmadi-fait-appel-a-zorgane\/"},"modified":"2021-03-22T15:14:08","modified_gmt":"2021-03-22T19:14:08","slug":"equipe-dalgerie-en-belmadi-fait-appel-a-zorgane","status":"publish","type":"post","link":"https:\/\/linitiative.ca\/International\/equipe-dalgerie-en-belmadi-fait-appel-a-zorgane\/","title":{"rendered":"Equipe d&rsquo;Alg\u00e9rie : EN : Belmadi fait appel \u00e0 Zorgane"},"content":{"rendered":"<div readability=\"32\">\n<p>Auteur : <span class=\"time\">lundi 22 mars 2021 15:19<\/span><\/p>\n<\/div>\n<div id=\"post_core\" readability=\"42\">\n<p>Le s\u00e9lectionneur national, Djamel Belmadi a d\u00e9cid\u00e9 de convoquer le joueur du PAC, Adem Zorgane pour les deux prochaines sorties des Verts face \u00e0 la Zambie et le Botswana\u00a0:\u00a0\u00abEn pr\u00e9vision de ses deux rencontres face \u00e0 la Zambie (le 25\/03) et le Botswana (le 29\/03) comptant respectivement pour les 5\u00e8me et 6\u00e8me journ\u00e9es du groupe H des \u00e9liminatoires de la CAN TOTAL Cameroun 2021, le s\u00e9lectionneur national, M. Djamel BELMADI, a fait appel \u00e0 Adem ZORGANE, le soci\u00e9taire du Paradou AC, ce qui fera de lui le 29\u00e8me joueur de la liste qu\u2019il a retenu pour ce stage.\u00bb lit-on sur le site de la FAF.<\/p>\n<p><strong>Publi\u00e9 dans :<\/strong> <span>Zorgane<\/span><\/p>\n<\/div>\n<p>Auteur:<br \/>\n<a href=\"http:\/\/www.lebuteur.com\/article\/detail?titre=en-belmadi-fait-appel-a-zorgane&#038;id=99483&#038;utm_source=feedburner&#038;utm_medium=feed&#038;utm_campaign=Feed%3A+GalerieFArtciles+%28Les+derniers+articles++-+lebuteur.com%29\">Cliquez ici pour lire l&rsquo;article depuis sa source.<\/a><\/p>\n","protected":false},"excerpt":{"rendered":"<p>Auteur : lundi 22 mars 2021 15:19 Le s\u00e9lectionneur national, Djamel Belmadi a d\u00e9cid\u00e9 de convoquer le joueur du PAC, Adem Zorgane pour les deux prochaines sorties des Verts face \u00e0 la Zambie et le Botswana\u00a0:\u00a0\u00abEn pr\u00e9vision de ses deux rencontres face \u00e0 la Zambie (le 25\/03) et le Botswana (le 29\/03) comptant respectivement pour [&hellip;]<\/p>\n","protected":false},"author":1738,"featured_media":0,"comment_status":"closed","ping_status":"closed","sticky":false,"template":"","format":"standard","meta":{"fifu_image_url":"\/\/cdn.lebuteur.com\/data\/images\/article\/thumbs\/large-en-belmadi-fait-appel-a-zorgane-e5cf0.jpg","fifu_image_alt":"Equipe d'Alg\u00e9rie : EN : Belmadi fait appel \u00e0 Zorgane","footnotes":""},"categories":[53,75],"tags":[],"class_list":["post-113526","post","type-post","status-publish","format-standard","hentry","category-algerie","category-sport"],"_links":{"self":[{"href":"https:\/\/linitiative.ca\/International\/wp-json\/wp\/v2\/posts\/113526","targetHints":{"allow":["GET"]}}],"collection":[{"href":"https:\/\/linitiative.ca\/International\/wp-json\/wp\/v2\/posts"}],"about":[{"href":"https:\/\/linitiative.ca\/International\/wp-json\/wp\/v2\/types\/post"}],"author":[{"embeddable":true,"href":"https:\/\/linitiative.ca\/International\/wp-json\/wp\/v2\/users\/1738"}],"replies":[{"embeddable":true,"href":"https:\/\/linitiative.ca\/International\/wp-json\/wp\/v2\/comments?post=113526"}],"version-history":[{"count":0,"href":"https:\/\/linitiative.ca\/International\/wp-json\/wp\/v2\/posts\/113526\/revisions"}],"wp:attachment":[{"href":"https:\/\/linitiative.ca\/International\/wp-json\/wp\/v2\/media?parent=113526"}],"wp:term":[{"taxonomy":"category","embeddable":true,"href":"https:\/\/linitiative.ca\/International\/wp-json\/wp\/v2\/categories?post=113526"},{"taxonomy":"post_tag","embeddable":true,"href":"https:\/\/linitiative.ca\/International\/wp-json\/wp\/v2\/tags?post=113526"}],"curies":[{"name":"wp","href":"https:\/\/api.w.org\/{rel}","templated":true}]}}