{"id":113528,"date":"2021-03-22T15:14:12","date_gmt":"2021-03-22T19:14:12","guid":{"rendered":"https:\/\/linitiative.ca\/International\/equipe-dalgerie-khacef-au-buteur-cest-une-fierte-je-suis-tres-excite-de-travailler-sous-la-coupe-de-belmadi\/"},"modified":"2021-03-22T15:14:12","modified_gmt":"2021-03-22T19:14:12","slug":"equipe-dalgerie-khacef-au-buteur-cest-une-fierte-je-suis-tres-excite-de-travailler-sous-la-coupe-de-belmadi","status":"publish","type":"post","link":"https:\/\/linitiative.ca\/International\/equipe-dalgerie-khacef-au-buteur-cest-une-fierte-je-suis-tres-excite-de-travailler-sous-la-coupe-de-belmadi\/","title":{"rendered":"Equipe d&rsquo;Alg\u00e9rie : Khacef au Buteur \u00abC\u2019est une fiert\u00e9. Je suis tr\u00e8s excit\u00e9 de travailler sous la coupe de Belmadi \u00bb"},"content":{"rendered":"<div readability=\"32\">\n<p>Auteur : <span>Moumen A.<\/span> <span class=\"time\">lundi 22 mars 2021 17:12<\/span><\/p>\n<\/div>\n<div id=\"post_core\" readability=\"90\">\n<p><strong>\u00abJe remercie le coach de m\u2019avoir donn\u00e9 l\u2019honneur d\u2019\u00eatre parmi les grands joueurs de l\u2019EN\u00a0\u00bb\u00a0\u00a0<\/strong><\/p>\n<p>L\u2019arri\u00e8re gauche de Tondela\u00a0\u00a0 Nawfel Khacef se confie en exclusivit\u00e9 au Buteur sur cette premi\u00e8re convocation en s\u00e9lection, re\u00e7ue hier en d\u00e9but de matin\u00e9e. Khacef exprime sa gratitude au coach Djamel Belmadi qui lui a permis de r\u00e9aliser un r\u00eave qu\u2019il caressait depuis\u00a0 qu\u2019il avait\u00a0 d\u00e9but d\u00e9but\u00e9 \u00e0 jouer au football<\/p>\n<p><strong>Une premi\u00e8re s\u00e9lection en Equipe A, quel est votre sentiment\u00a0?<\/strong><\/p>\n<p>Que voulez-vous que je vous dire, l\u00e0 je suis vraiment \u00e9mu. Hamdoulillah, je suis fier de cette convocation. Je remercie le coach Belmadi de m\u2019avoir donn\u00e9 cette chance de pouvoir rejoindre cette \u00e9quipe nationale compos\u00e9e de grands joueurs, j\u2019esp\u00e8re \u00eatre \u00e0 la hauteur de la confiance plac\u00e9e en moi par tous, et prouver que je peux bien gagner d\u00e9cisivement une place\u00a0 dans ce groupe des Verts.<\/p>\n<p><strong>Apr\u00e8s une br\u00e8ve exp\u00e9rience \u00e0 Bordeaux, vous brillez avec Tondela, parlez-nous de votre progression\u00a0?<\/strong><\/p>\n<p>C\u2019est vrai c\u2019est une belle r\u00e9compense apr\u00e8s ce que j\u2019avais v\u00e9cu \u00e0 Bordeaux en raison des probl\u00e8mes d\u2018agents et tout, mais cette histoire est derri\u00e8re moi. A pr\u00e9sent je progresse bien au Portugal avec Tondela. J\u2019essaye d\u2019\u00eatre r\u00e9gulier dans mes performances et prouver \u00e0 chacune de mes prestations que je suis en mesure de jouer et rester comp\u00e9titif pour m\u2019imposer car ce n\u2019est qu\u2019ainsi que je pourrai sceller ma place en \u00e9quipe nationale.<\/p>\n<p><strong>Sinc\u00e8rement\u00a0 on veut avoir votre sentiment apr\u00e8s avoir re\u00e7u l\u2019appel du coach Belmadi\u00a0?<\/strong><\/p>\n<p>C\u2019est un grand honneur. Travailler avec Belmadi n\u2019est pas donn\u00e9. C\u2019est le meilleur entraineur d\u2019Afrique. J\u2019ai du mal \u00e0 r\u00e9aliser. Je ne dis pas cela parce qu\u2019il m\u2019a appel\u00e9 mais c\u2019est le sentiment de tout joueur de haut niveau. On a entendu beaucoup de choses sur lui \u00a0que ce soir au Portugal ou en France lorsque j\u2019\u00e9tais \u00e0 Bordeaux. Je suis tr\u00e8s excit\u00e9 de commencer la premi\u00e8re s\u00e9ance sous sa coupe.<\/p>\n<p><strong>Vos parents sont surement fiers, les avez-vous eus au t\u00e9l\u00e9phone\u00a0?<\/strong><\/p>\n<p>Ah oui bien s\u00fbr, c\u2019est mon meilleur cadeau pour mes parents. C\u2019est aussi une r\u00e9compense pour mes parents qui ont \u00e9t\u00e9 toujours l\u00e0 pour moi.\u00a0<\/p>\n<p><strong>Un mot sur ces deux matchs qui arrivent contre la Zambie et le Botswana\u00a0?<\/strong><\/p>\n<p>Ce sont certes deux matchs sans enjeux car on est qualifi\u00e9 mais on doit donner tout pour rester sur cette s\u00e9rie de matchs sans d\u00e9faites. Une mentalit\u00e9 de gagner\u00a0 a \u00e9t\u00e9 install\u00e9e par Belmadi on doit la pr\u00e9server coute que coute.<\/p>\n<p><strong>Sans oublier le NAHD Hussein Dey\u2026<\/strong><\/p>\n<p>Ah oui c\u2019est gr\u00e2ce au NAHD que je suis arriv\u00e9 l\u00e0 o\u00f9 je suis aujourd\u2019hui. C\u2019est au Nasria que je me sis fais un nom. Donc le m\u00e9rite revient \u00e0 mon ancien club. Je remercie aussi l\u2019USM Blida\u00a0 o\u00f9 j\u2019ai\u00a0 appris et progress\u00e9.<\/p>\n<p><strong>Entretien r\u00e9alis\u00e9 par Moumen Ait Kaci Ali\u00a0 \u00a0\u00a0\u00a0<\/strong><\/p>\n<p><strong>Publi\u00e9 dans :<\/strong> <span>Khacef<\/span><\/p>\n<\/div>\n<p>Auteur:<br \/>\n<a href=\"http:\/\/www.lebuteur.com\/article\/detail?titre=khacef-au-buteur-cest-une-fierte-je-suis-tres-excite-de-travailler-sous-la-coupe-de-belmadi&#038;id=99485&#038;utm_source=feedburner&#038;utm_medium=feed&#038;utm_campaign=Feed%3A+GalerieFArtciles+%28Les+derniers+articles++-+lebuteur.com%29\">Cliquez ici pour lire l&rsquo;article depuis sa source.<\/a><\/p>\n","protected":false},"excerpt":{"rendered":"<p>Auteur : Moumen A. lundi 22 mars 2021 17:12 \u00abJe remercie le coach de m\u2019avoir donn\u00e9 l\u2019honneur d\u2019\u00eatre parmi les grands joueurs de l\u2019EN\u00a0\u00bb\u00a0\u00a0 L\u2019arri\u00e8re gauche de Tondela\u00a0\u00a0 Nawfel Khacef se confie en exclusivit\u00e9 au Buteur sur cette premi\u00e8re convocation en s\u00e9lection, re\u00e7ue hier en d\u00e9but de matin\u00e9e. Khacef exprime sa gratitude au coach Djamel [&hellip;]<\/p>\n","protected":false},"author":1738,"featured_media":0,"comment_status":"closed","ping_status":"closed","sticky":false,"template":"","format":"standard","meta":{"fifu_image_url":"\/\/cdn.lebuteur.com\/data\/images\/article\/thumbs\/large-khacef-cest-une-fierte-je-suis-tres-excite-de-travailler-sous-la-coupe-de-belmadi-4ec04.jpg","fifu_image_alt":"Equipe d'Alg\u00e9rie : Khacef au Buteur \u00abC\u2019est une fiert\u00e9. Je suis tr\u00e8s excit\u00e9 de travailler sous la coupe de Belmadi \u00bb","footnotes":""},"categories":[53,75],"tags":[],"class_list":["post-113528","post","type-post","status-publish","format-standard","hentry","category-algerie","category-sport"],"_links":{"self":[{"href":"https:\/\/linitiative.ca\/International\/wp-json\/wp\/v2\/posts\/113528","targetHints":{"allow":["GET"]}}],"collection":[{"href":"https:\/\/linitiative.ca\/International\/wp-json\/wp\/v2\/posts"}],"about":[{"href":"https:\/\/linitiative.ca\/International\/wp-json\/wp\/v2\/types\/post"}],"author":[{"embeddable":true,"href":"https:\/\/linitiative.ca\/International\/wp-json\/wp\/v2\/users\/1738"}],"replies":[{"embeddable":true,"href":"https:\/\/linitiative.ca\/International\/wp-json\/wp\/v2\/comments?post=113528"}],"version-history":[{"count":0,"href":"https:\/\/linitiative.ca\/International\/wp-json\/wp\/v2\/posts\/113528\/revisions"}],"wp:attachment":[{"href":"https:\/\/linitiative.ca\/International\/wp-json\/wp\/v2\/media?parent=113528"}],"wp:term":[{"taxonomy":"category","embeddable":true,"href":"https:\/\/linitiative.ca\/International\/wp-json\/wp\/v2\/categories?post=113528"},{"taxonomy":"post_tag","embeddable":true,"href":"https:\/\/linitiative.ca\/International\/wp-json\/wp\/v2\/tags?post=113528"}],"curies":[{"name":"wp","href":"https:\/\/api.w.org\/{rel}","templated":true}]}}