{"id":113529,"date":"2021-03-22T15:14:14","date_gmt":"2021-03-22T19:14:14","guid":{"rendered":"https:\/\/linitiative.ca\/International\/equipe-dalgerie-en-colere-belmadi-quitte-la-zone-mixte\/"},"modified":"2021-03-22T15:14:14","modified_gmt":"2021-03-22T19:14:14","slug":"equipe-dalgerie-en-colere-belmadi-quitte-la-zone-mixte","status":"publish","type":"post","link":"https:\/\/linitiative.ca\/International\/equipe-dalgerie-en-colere-belmadi-quitte-la-zone-mixte\/","title":{"rendered":"Equipe d&rsquo;Alg\u00e9rie : En col\u00e8re, Belmadi quitte la zone mixte"},"content":{"rendered":"<div readability=\"32\">\n<p>Auteur : <span class=\"time\">lundi 22 mars 2021 18:11<\/span><\/p>\n<\/div>\n<div id=\"post_core\" readability=\"38\">\n<p>Apr\u00e8s l\u2019annulation de sa conf\u00e9rence de presse pr\u00e9vue hier dimanche,\u00a0le s\u00e9lectionneur national, Djamel Belmadi s\u2019est pr\u00e9sent\u00e9 aujourd\u2019hui en zone mixte au CTN de la FAF \u00e0 Sid Moussa pour r\u00e9pondre aux questions des journalistes. Mais agac\u00e9 par un journaliste qui a franchi la barri\u00e8re, Belmadi a d\u00e9cid\u00e9 de quitter la zone mixte en mettant fin \u00e0 son entretien avec la presse.<\/p>\n<p><strong>Publi\u00e9 dans :<\/strong> <span>Belmadi<\/span><\/p>\n<\/div>\n<p>Auteur:<br \/>\n<a href=\"http:\/\/www.lebuteur.com\/article\/detail?titre=en-colere-belmadi-quitte-la-zone-mixte&#038;id=99486&#038;utm_source=feedburner&#038;utm_medium=feed&#038;utm_campaign=Feed%3A+GalerieFArtciles+%28Les+derniers+articles++-+lebuteur.com%29\">Cliquez ici pour lire l&rsquo;article depuis sa source.<\/a><\/p>\n","protected":false},"excerpt":{"rendered":"<p>Auteur : lundi 22 mars 2021 18:11 Apr\u00e8s l\u2019annulation de sa conf\u00e9rence de presse pr\u00e9vue hier dimanche,\u00a0le s\u00e9lectionneur national, Djamel Belmadi s\u2019est pr\u00e9sent\u00e9 aujourd\u2019hui en zone mixte au CTN de la FAF \u00e0 Sid Moussa pour r\u00e9pondre aux questions des journalistes. Mais agac\u00e9 par un journaliste qui a franchi la barri\u00e8re, Belmadi a d\u00e9cid\u00e9 de [&hellip;]<\/p>\n","protected":false},"author":1738,"featured_media":0,"comment_status":"closed","ping_status":"closed","sticky":false,"template":"","format":"standard","meta":{"fifu_image_url":"\/\/cdn.lebuteur.com\/data\/images\/article\/thumbs\/large-en-colere-belmadi-quitte-la-zone-mixte-313cd.png","fifu_image_alt":"Equipe d'Alg\u00e9rie : En col\u00e8re, Belmadi quitte la zone mixte","footnotes":""},"categories":[53,75],"tags":[],"class_list":["post-113529","post","type-post","status-publish","format-standard","hentry","category-algerie","category-sport"],"_links":{"self":[{"href":"https:\/\/linitiative.ca\/International\/wp-json\/wp\/v2\/posts\/113529","targetHints":{"allow":["GET"]}}],"collection":[{"href":"https:\/\/linitiative.ca\/International\/wp-json\/wp\/v2\/posts"}],"about":[{"href":"https:\/\/linitiative.ca\/International\/wp-json\/wp\/v2\/types\/post"}],"author":[{"embeddable":true,"href":"https:\/\/linitiative.ca\/International\/wp-json\/wp\/v2\/users\/1738"}],"replies":[{"embeddable":true,"href":"https:\/\/linitiative.ca\/International\/wp-json\/wp\/v2\/comments?post=113529"}],"version-history":[{"count":0,"href":"https:\/\/linitiative.ca\/International\/wp-json\/wp\/v2\/posts\/113529\/revisions"}],"wp:attachment":[{"href":"https:\/\/linitiative.ca\/International\/wp-json\/wp\/v2\/media?parent=113529"}],"wp:term":[{"taxonomy":"category","embeddable":true,"href":"https:\/\/linitiative.ca\/International\/wp-json\/wp\/v2\/categories?post=113529"},{"taxonomy":"post_tag","embeddable":true,"href":"https:\/\/linitiative.ca\/International\/wp-json\/wp\/v2\/tags?post=113529"}],"curies":[{"name":"wp","href":"https:\/\/api.w.org\/{rel}","templated":true}]}}