{"id":113531,"date":"2021-03-22T08:11:00","date_gmt":"2021-03-22T12:11:00","guid":{"rendered":"https:\/\/linitiative.ca\/International\/tunisie-bourguiba-doit-se-retourner-dans-sa-tombe\/"},"modified":"2021-03-22T08:11:00","modified_gmt":"2021-03-22T12:11:00","slug":"tunisie-bourguiba-doit-se-retourner-dans-sa-tombe","status":"publish","type":"post","link":"https:\/\/linitiative.ca\/International\/tunisie-bourguiba-doit-se-retourner-dans-sa-tombe\/","title":{"rendered":"Tunisie: Bourguiba doit se retourner dans sa tombe"},"content":{"rendered":"<p><span class=\"c2\"><em><strong><img decoding=\"async\" src=\"\/uploads\/FCK_files\/Habib-Massar-5f-(1)-retouch\u00e9(2).jpg\" width=\"20%\" vspace=\"5\" hspace=\"5\" align=\"left\" alt=\"\"\/>Par Habib Mellakh &#8211;<\/strong><\/em><\/span> Le politicien populiste caresse dans le sens du poil le peuple sensible\u00a0 aux sir\u00e8nes des d\u00e9magogues. C\u2019est un autocrate aux antipodes de la raison politique. Il flatte\u00a0 les instincts de l\u2019\u00e9lecteur. Mario Vargas LLosa, l\u2019\u00e9crivain p\u00e9ruvien et prix Nobel de litt\u00e9rature scandalis\u00e9\u00a0 \u00ab qu\u2019un nombre aussi \u00e9lev\u00e9 de V\u00e9n\u00e9zu\u00e9liens appuient les d\u00e9lires populistes et autocratiques de ce risible personnage qu\u2019est le lieutenant-colonel Hugo Ch\u00e1vez ne fait pas de celui-ci un d\u00e9mocrate \u00bb mais \u00ab ne fait que r\u00e9v\u00e9ler les extr\u00eames auxquels sont arriv\u00e9s le d\u00e9sespoir, la frustration et l\u2019inculture civique du peuple v\u00e9n\u00e9zu\u00e9lien \u00bb, l\u2019a bien compris. Cette analyse vaut \u00e9galement pour tous les partis et leaders populistes qui ont envahi la sc\u00e8ne politique tunisienne.<\/p>\n<p>Le v\u00e9ritable leader abhorre le populisme et combat la d\u00e9raison populaire. Il prend le risque d\u2019\u00eatre sanctionn\u00e9 par l\u2019\u00e9lectorat charm\u00e9 et dup\u00e9 par le discours populiste. Il l\u2019am\u00e8ne par un discours rationnel et par la persuasion \u00e0 adh\u00e9rer \u00e0 son point de vue.\u00a0<\/p>\n<p>Un ab\u00eeme s\u00e9pare le v\u00e9ritable leader et le leader populiste. Les partisans d\u2019Abir Moussi ne craignent pas de se couvrir de ridicule quand ils la mettent sur un pi\u00e9destal et qu\u2019ils n\u2019h\u00e9sitent pas \u00e0 faire d\u2019elle un leader charismatique de la stature de Bourguiba ou\u00a0 le messie\u00a0\u00a0 que les Tunisiens attendent depuis\u00a0 la disparition du leader historique.<\/p>\n<p>Bourguiba doit aujourd\u2019hui se retourner dans sa tombe. Abir Moussi, qui arbore \u00e0 l\u2019ARP le portrait du premier pr\u00e9sident de la Tunisie pour se r\u00e9clamer de lui, n\u2019h\u00e9site pas, \u00e0 l\u2019occasion de son meeting de Sfax, \u00e0 prendre \u00e0 parti Joe Biden (saluons le courage de celle qui estime qu\u2019il Il vaut mieux s\u2019adresser\u00a0 au bon Dieu qu\u2019\u00e0\u00a0 ses saints !) pour lui signifier qu\u2019elle est jalouse de l\u2019ind\u00e9pendance de notre pays\u00a0 et qu\u2019elle refuse l\u2019ing\u00e9rence des Etats-Unis dans les affaires tunisiennes. Se distinguer de Rached Ghannouchi qui a lanc\u00e9 \u00e0 Joe Biden un appel path\u00e9tique pour sauver notre jeune d\u00e9mocratie, menac\u00e9e par les forces r\u00e9actionnaires et populistes selon ses dires et vouloir appara\u00eetre comme un farouche d\u00e9fenseur de la souverainet\u00e9 du pays, le jour de la comm\u00e9moration du 65\u00e8 anniversaire de son ind\u00e9pendance, est sans doute de bonne guerre mais il faut \u00eatre coh\u00e9rent jusqu\u2019au bout.\u00a0\u00a0 Parce que le ridicule ne tue pas \u00e0 ses yeux et qu\u2019il la rend probablement plus forte puisque ce qui ne tue pas rend plus fort (sic !), elle fait un appel du pied au pr\u00e9sident am\u00e9ricain pour qu\u2019il traite sur un pied d\u2019\u00e9galit\u00e9 Ennadha et le PDL. Ainsi la souverainet\u00e9 de la Tunisie n\u2019est\u00a0 mise \u00e0 mal que lorsque Biden flirte avec Ennahdha. S\u2019il file le parfait amour avec le PDL, c\u2019est en tout bien, tout honneur, sans arri\u00e8re pens\u00e9e et sans contre-partie.<\/p>\n<p>Abir Moussi oublie ou feint d\u2019oublier le c\u00e9l\u00e8bre discours du Palmarium du 15 d\u00e9cembre 1972, \u00e9pisode glorieux de notre histoire contemporaine, et\u00a0\u00a0 la le\u00e7on\u00a0 magistrale de Bourguiba \u00e0 Kaddafi \u00e0 l\u2019occasion de ce discours. Au \u00ab\u00a0 touz fi Amarica \u00bb (Que l\u2019Am\u00e9rique aille se faire avoir !),\u00a0 Bourguiba r\u00e9pond : \u00ab Tu prendras une\u00a0 racl\u00e9e si tu d\u00e9fies l\u2019Am\u00e9rique \u00bb.<\/p>\n<p>La pr\u00e9sidente du PDL oublie aussi que l\u2019on ne gargarise pas de mots et de lieux communs quand on veut d\u00e9fendre la souverainet\u00e9 du pays, son int\u00e9grit\u00e9 territoriale et son non-alignement. Bourguiba n\u2019h\u00e9site pas \u00e0 tenir t\u00eate aux Etats-Unis lorsque la souverainet\u00e9 du pays est en jeu. On pourrait rafra\u00eechir la m\u00e9moire d\u2019Abir Moussi en lui rappelant, \u00e0 titre d\u2019exemple, que le leader historique a menac\u00e9, en 1985,\u00a0 de rompre les relations diplomatiques avec les Etats-Unis si jamais ce pays votait contre la r\u00e9solution du conseil de s\u00e9curit\u00e9 de l\u2019ONU condamnant l\u2019agression isra\u00e9lienne du 1 octobre 1985 contre Hammam-Chatt et qu\u2019il a toujours soutenu l\u2019entr\u00e9e de la Chine populaire aux Nations-Unis malgr\u00e9 le refus am\u00e9ricain.<br \/>Le succ\u00e8s du meeting, dans un fief islamiste, compar\u00e9 au d\u00e9ni total de l\u2019ind\u00e9pendance affich\u00e9\u00a0 par la Tunisie officielle qui n\u2019a pas daigner c\u00e9l\u00e9brer le\u00a0\u00a0 65\u00e8 anniversaire de\u00a0 l\u2019\u00e9mancipation du joug colonial (d\u2019aucuns disent que nous n\u2019\u00e9tions pas une colonie mais un protectorat) suffisent-ils pour que l\u2019on occulte les bourdes populistes d\u2019Abir Moussi ? Qu\u2019elle soit la seule politicienne ou presque \u00e0 occuper la sc\u00e8ne dans la lutte contre les obscurantistes qu\u2019il faut appr\u00e9cier \u00e0 sa juste valeur m\u00eame si\u00a0 elle partage leur conservatisme sur certaines questions et pas des moindres ( la position au sujet de l\u2019\u00e9galit\u00e9 dans l\u2019h\u00e9ritage par exemple) suffit-il pour lui pardonner ses bourdes et excuser son populisme ?<\/p>\n<p class=\"c3\"><strong>Habib Mellakh<\/strong><\/p>\n<p>Auteur:<br \/>\n<a href=\"https:\/\/www.leaders.com.tn\/article\/31607-tunisie-bourguiba-doit-se-retourner-dans-sa-tombe\">Cliquez ici pour lire l&rsquo;article depuis sa source.<\/a><\/p>\n","protected":false},"excerpt":{"rendered":"<p>Par Habib Mellakh &#8211; Le politicien populiste caresse dans le sens du poil le peuple sensible\u00a0 aux sir\u00e8nes des d\u00e9magogues. C\u2019est un autocrate aux antipodes de la raison politique. Il flatte\u00a0 les instincts de l\u2019\u00e9lecteur. Mario Vargas LLosa, l\u2019\u00e9crivain p\u00e9ruvien et prix Nobel de litt\u00e9rature scandalis\u00e9\u00a0 \u00ab qu\u2019un nombre aussi \u00e9lev\u00e9 de V\u00e9n\u00e9zu\u00e9liens appuient les [&hellip;]<\/p>\n","protected":false},"author":1772,"featured_media":0,"comment_status":"closed","ping_status":"closed","sticky":false,"template":"","format":"standard","meta":{"fifu_image_url":"\/uploads\/FCK_files\/Habib-Massar-5f-(1)-retouch\u00e9(2).jpg","fifu_image_alt":"Tunisie: Bourguiba doit se retourner dans sa tombe","footnotes":""},"categories":[73,55],"tags":[],"class_list":["post-113531","post","type-post","status-publish","format-standard","hentry","category-actualite","category-tunisie"],"_links":{"self":[{"href":"https:\/\/linitiative.ca\/International\/wp-json\/wp\/v2\/posts\/113531","targetHints":{"allow":["GET"]}}],"collection":[{"href":"https:\/\/linitiative.ca\/International\/wp-json\/wp\/v2\/posts"}],"about":[{"href":"https:\/\/linitiative.ca\/International\/wp-json\/wp\/v2\/types\/post"}],"author":[{"embeddable":true,"href":"https:\/\/linitiative.ca\/International\/wp-json\/wp\/v2\/users\/1772"}],"replies":[{"embeddable":true,"href":"https:\/\/linitiative.ca\/International\/wp-json\/wp\/v2\/comments?post=113531"}],"version-history":[{"count":0,"href":"https:\/\/linitiative.ca\/International\/wp-json\/wp\/v2\/posts\/113531\/revisions"}],"wp:attachment":[{"href":"https:\/\/linitiative.ca\/International\/wp-json\/wp\/v2\/media?parent=113531"}],"wp:term":[{"taxonomy":"category","embeddable":true,"href":"https:\/\/linitiative.ca\/International\/wp-json\/wp\/v2\/categories?post=113531"},{"taxonomy":"post_tag","embeddable":true,"href":"https:\/\/linitiative.ca\/International\/wp-json\/wp\/v2\/tags?post=113531"}],"curies":[{"name":"wp","href":"https:\/\/api.w.org\/{rel}","templated":true}]}}