{"id":113532,"date":"2021-03-22T12:03:00","date_gmt":"2021-03-22T16:03:00","guid":{"rendered":"https:\/\/linitiative.ca\/International\/lancement-du-1er-satellite-tunisien-album-photos\/"},"modified":"2021-03-22T12:03:00","modified_gmt":"2021-03-22T16:03:00","slug":"lancement-du-1er-satellite-tunisien-album-photos","status":"publish","type":"post","link":"https:\/\/linitiative.ca\/International\/lancement-du-1er-satellite-tunisien-album-photos\/","title":{"rendered":"Lancement du 1er satellite  tunisien (Album photos)"},"content":{"rendered":"<p>Le premier satallite tunisien 100% Challenge One\u00a0\u00bb a \u00e9t\u00e9 lanc\u00e9 dans l&rsquo;espace t\u00f4t ce lundi en pr\u00e9sence du pr\u00e9sident de la R\u00e9publique qui s&rsquo;est rendu pour l&rsquo;occasion au si\u00e8ge de Telnet. Il s&rsquo;agit dur premier satellite arabe qui a \u00e9t\u00e9 construit avec des comp\u00e9tences locales \u00e0 nTelnet.<\/p>\n<p>L&rsquo;engin a \u00e9t\u00e9 lanc\u00e9 dans l&rsquo;espace pour le cosmodrome de Baikonour en Kazakstan en Asie mineure o\u00f9 il a \u00e9t\u00e9 mis sur orbite. Le Pdg de Telnet Mohamed Frikha a estim\u00e9 que ce lancement est un message d&rsquo;espoir pour les jeunes.<\/p>\n<p>Auteur:<br \/>\n<a href=\"https:\/\/www.leaders.com.tn\/article\/31608-lancemebt-du-1er-satellite-tunisien\">Cliquez ici pour lire l&rsquo;article depuis sa source.<\/a><\/p>\n","protected":false},"excerpt":{"rendered":"<p>Le premier satallite tunisien 100% Challenge One\u00a0\u00bb a \u00e9t\u00e9 lanc\u00e9 dans l&rsquo;espace t\u00f4t ce lundi en pr\u00e9sence du pr\u00e9sident de la R\u00e9publique qui s&rsquo;est rendu pour l&rsquo;occasion au si\u00e8ge de Telnet. Il s&rsquo;agit dur premier satellite arabe qui a \u00e9t\u00e9 construit avec des comp\u00e9tences locales \u00e0 nTelnet. L&rsquo;engin a \u00e9t\u00e9 lanc\u00e9 dans l&rsquo;espace pour le [&hellip;]<\/p>\n","protected":false},"author":1772,"featured_media":0,"comment_status":"closed","ping_status":"closed","sticky":false,"template":"","format":"standard","meta":{"fifu_image_url":"","fifu_image_alt":"","footnotes":""},"categories":[73,55],"tags":[],"class_list":["post-113532","post","type-post","status-publish","format-standard","hentry","category-actualite","category-tunisie"],"_links":{"self":[{"href":"https:\/\/linitiative.ca\/International\/wp-json\/wp\/v2\/posts\/113532","targetHints":{"allow":["GET"]}}],"collection":[{"href":"https:\/\/linitiative.ca\/International\/wp-json\/wp\/v2\/posts"}],"about":[{"href":"https:\/\/linitiative.ca\/International\/wp-json\/wp\/v2\/types\/post"}],"author":[{"embeddable":true,"href":"https:\/\/linitiative.ca\/International\/wp-json\/wp\/v2\/users\/1772"}],"replies":[{"embeddable":true,"href":"https:\/\/linitiative.ca\/International\/wp-json\/wp\/v2\/comments?post=113532"}],"version-history":[{"count":0,"href":"https:\/\/linitiative.ca\/International\/wp-json\/wp\/v2\/posts\/113532\/revisions"}],"wp:attachment":[{"href":"https:\/\/linitiative.ca\/International\/wp-json\/wp\/v2\/media?parent=113532"}],"wp:term":[{"taxonomy":"category","embeddable":true,"href":"https:\/\/linitiative.ca\/International\/wp-json\/wp\/v2\/categories?post=113532"},{"taxonomy":"post_tag","embeddable":true,"href":"https:\/\/linitiative.ca\/International\/wp-json\/wp\/v2\/tags?post=113532"}],"curies":[{"name":"wp","href":"https:\/\/api.w.org\/{rel}","templated":true}]}}