{"id":113535,"date":"2021-03-22T14:50:00","date_gmt":"2021-03-22T18:50:00","guid":{"rendered":"https:\/\/linitiative.ca\/International\/la-faillite-des-revolutions-arabes\/"},"modified":"2021-03-22T14:50:00","modified_gmt":"2021-03-22T18:50:00","slug":"la-faillite-des-revolutions-arabes","status":"publish","type":"post","link":"https:\/\/linitiative.ca\/International\/la-faillite-des-revolutions-arabes\/","title":{"rendered":"La faillite des r\u00e9volutions arabes"},"content":{"rendered":"<p><strong>Dix ans apr\u00e8s, le printemps arabe pr\u00e9sente un bilan plus\u00a0 catastrophique que tous les r\u00e9gimes dictateurs r\u00e9unis, depuis la nuit des temps. Des millions de r\u00e9fugi\u00e9s, des centaines de milliers de morts, des Etats en d\u00e9perdition. Pourquoi est-ce que nous sommes face \u00e0 un tel \u00e9chec, des r\u00e9voltes populaires qui se voulaient pacifiques revendiquaient la dignit\u00e9 et la libert\u00e9, et qui ont abouti \u00e0 des d\u00e9flagrations de sauvagerie, auxquelles on finit par s\u2019habituer.<\/strong><\/p>\n<div class=\"c10\">\n<\/div>\n<p>Pourquoi est-ce que le printemps des peuples, ou ce qui \u00e9tait pr\u00e9sent\u00e9 comme tel, s\u2019est transform\u00e9 en enfer, pour ces peuples qui se mettent \u00e0 regretter le temps o\u00f9 les dictatures assuraient la r\u00e9alit\u00e9\u00a0? La premi\u00e8re cause, ce sont les r\u00e9gimes absolutistes. Ils ne permettent aucune \u00e9mergence d\u2019une alternative m\u00eame \u00e0 l\u2019\u00e2ge de pousse et disqualifient les oppositions int\u00e9gr\u00e9es, \u00e0 force d\u2019exiger un alignement qui les met hors-jeu, d\u00e8s lors que le peuple ne veut plus de doses hom\u00e9opathiques, mais des ruptures.<\/p>\n<p><strong>Lire aussi| <a href=\"https:\/\/www.challenge.ma\/peinture-de-batiment-les-jetons-desormais-interdits-178983\/\">Peinture de b\u00e2timent : les jetons d\u00e9sormais interdits<\/a><\/strong><\/p>\n<p>Les r\u00e9seaux sociaux sont un facteur essentiel de la faillite des r\u00e9volutions dites arabes. Ils ont constitu\u00e9 le moyen de mobilisation le plus fort. Mais ce n\u2019est pas seulement une technique, c\u2019est aussi une id\u00e9ologie. Tout le monde peut cliquer. Donc, il ne doit pas y avoir de chef. Dans cette d\u00e9mocratie on exprime ses r\u00e9vulsions, pas ses propositions, son projet. Pas de chef, pas de projets, comment faire l\u2019unit\u00e9\u00a0?<\/p>\n<p><strong>Lire aussi| <a href=\"https:\/\/www.challenge.ma\/vers-un-partenariat-strategique-entre-la-cgem-et-the-israeli-employers-and-business-organizations-179020\/\">Vers un partenariat strat\u00e9gique entre la CGEM et The Israeli Employers and Business Organizations<\/a><\/strong><\/p>\n<p>Enfin, toutes ces pseudo-r\u00e9volutions, ces jacqueries, ont fini par annihiler toute expression de l\u2019identit\u00e9 de ces pays. Ni Assad, ni les oppositions n\u2019y peuvent rien. Ce sont les Russes, les Turcs, les Iraniens et les Am\u00e9ricains qui m\u00e8nent la danse. La paix en Libye aura lieu, si les sponsors le veulent. Ces nations n\u2019ont plus la ma\u00eetrise de leur devenir. Ne pas sauvegarder l\u2019Etat-nation a \u00e9t\u00e9 un crime. Pourtant, que des populations se soul\u00e8vent pour r\u00e9clamer la d\u00e9mocratie, la justice, la libert\u00e9, c\u2019est ce qui a fait avancer l\u2019humanit\u00e9. La culture du penchant affectif a jou\u00e9 son r\u00f4le. Il n\u2019y aura jamais de r\u00e9volution sans direction r\u00e9volutionnaire.<\/p>\n<div class=\"vw-sticky-sidebar-wrapper vw-sticky-sidebar widget_text awac-wrapper widget_text awac widget custom_html-4 textwidget custom-html-widget\">\n<p class=\"has-background c12\"><span class=\"widget-title c11\">Tribune et D\u00e9bats<\/span><\/p>\n<p>La tribune qui vous parle d\u2019une actu, d\u2019un sujet qui fait d\u00e9bat, les traite et les analyse. \u00c9conomistes et autres experts, patrons d\u2019entreprises, d\u00e9cideurs, acteurs de la soci\u00e9t\u00e9 civile, s\u2019y prononcent et contribuent \u00e0 sa grande richesse. Vous avez votre opinion, convergente ou diff\u00e9rente. Exprimez-la et mesurez-vous ainsi \u00e0 nos tribuns et d\u00e9batteurs.<\/p>\n<p>Envoyez vos analyses \u00e0 : <a href=\"\/cdn-cgi\/l\/email-protection#e3808c8d97828097a3808b828f8f868d8486cd8e82\"><span class=\"__cf_email__\" data-cfemail=\"771418190316140337141f161b1b12191012591a16\">[email\u00a0protected]<\/span><\/a>, en pr\u00e9cisant votre nom, votre pr\u00e9nom et votre m\u00e9tier.<\/p>\n<\/div>\n<p>Auteur: Jamal Berraoui<br \/>\n<a href=\"https:\/\/www.challenge.ma\/la-faillite-des-revolutions-arabes-179054\/\">Cliquez ici pour lire l&rsquo;article depuis sa source.<\/a><\/p>\n","protected":false},"excerpt":{"rendered":"<p>Dix ans apr\u00e8s, le printemps arabe pr\u00e9sente un bilan plus\u00a0 catastrophique que tous les r\u00e9gimes dictateurs r\u00e9unis, depuis la nuit des temps. Des millions de r\u00e9fugi\u00e9s, des centaines de milliers de morts, des Etats en d\u00e9perdition. Pourquoi est-ce que nous sommes face \u00e0 un tel \u00e9chec, des r\u00e9voltes populaires qui se voulaient pacifiques revendiquaient la [&hellip;]<\/p>\n","protected":false},"author":1787,"featured_media":0,"comment_status":"closed","ping_status":"closed","sticky":false,"template":"","format":"standard","meta":{"fifu_image_url":"","fifu_image_alt":"","footnotes":""},"categories":[78,54],"tags":[],"class_list":["post-113535","post","type-post","status-publish","format-standard","hentry","category-economie","category-maroc"],"_links":{"self":[{"href":"https:\/\/linitiative.ca\/International\/wp-json\/wp\/v2\/posts\/113535","targetHints":{"allow":["GET"]}}],"collection":[{"href":"https:\/\/linitiative.ca\/International\/wp-json\/wp\/v2\/posts"}],"about":[{"href":"https:\/\/linitiative.ca\/International\/wp-json\/wp\/v2\/types\/post"}],"author":[{"embeddable":true,"href":"https:\/\/linitiative.ca\/International\/wp-json\/wp\/v2\/users\/1787"}],"replies":[{"embeddable":true,"href":"https:\/\/linitiative.ca\/International\/wp-json\/wp\/v2\/comments?post=113535"}],"version-history":[{"count":0,"href":"https:\/\/linitiative.ca\/International\/wp-json\/wp\/v2\/posts\/113535\/revisions"}],"wp:attachment":[{"href":"https:\/\/linitiative.ca\/International\/wp-json\/wp\/v2\/media?parent=113535"}],"wp:term":[{"taxonomy":"category","embeddable":true,"href":"https:\/\/linitiative.ca\/International\/wp-json\/wp\/v2\/categories?post=113535"},{"taxonomy":"post_tag","embeddable":true,"href":"https:\/\/linitiative.ca\/International\/wp-json\/wp\/v2\/tags?post=113535"}],"curies":[{"name":"wp","href":"https:\/\/api.w.org\/{rel}","templated":true}]}}