{"id":113536,"date":"2021-03-22T15:13:27","date_gmt":"2021-03-22T19:13:27","guid":{"rendered":"https:\/\/linitiative.ca\/International\/zineb-el-adaoui-nouvelle-presidente-de-la-cour-des-comptes\/"},"modified":"2021-03-22T15:13:27","modified_gmt":"2021-03-22T19:13:27","slug":"zineb-el-adaoui-nouvelle-presidente-de-la-cour-des-comptes","status":"publish","type":"post","link":"https:\/\/linitiative.ca\/International\/zineb-el-adaoui-nouvelle-presidente-de-la-cour-des-comptes\/","title":{"rendered":"Zineb El Adaoui, nouvelle pr\u00e9sidente de la Cour des comptes"},"content":{"rendered":"<p><strong>Le Souverain a nomm\u00e9, le 22 mars, Zineb El Adaoui en tant que pr\u00e9sidente de la Cour des comptes.<\/strong><\/p>\n<div class=\"c10\">\n<\/div>\n<p>Zineb El Adaoui a \u00e9t\u00e9 nomm\u00e9e, le 22 mars, par S.M. le Roi Mohammed VI en tant que pr\u00e9sidente de la Cour des comptes. Premi\u00e8re pr\u00e9sidente \u00e0 la t\u00eate de cette institution, elle remplace ainsi Driss Jettou. Pour rappel, Zineb El Adaoui occupait jusqu\u2019ici le poste de Wali Inspecteur g\u00e9n\u00e9ral de l\u2019administration territoriale.<\/p>\n<p><strong>Lire aussi| <a href=\"https:\/\/www.challenge.ma\/ahmed-rahhou-nouveau-president-du-conseil-de-la-concurrence-179067\/\">Ahmed Rahhou, nouveau pr\u00e9sident du Conseil de la Concurrence<\/a><\/strong><\/p>\n<p>Auteur: challenge<br \/>\n<a href=\"https:\/\/www.challenge.ma\/zineb-el-adaoui-nouvelle-presidente-de-la-cour-des-comptes-179074\/\">Cliquez ici pour lire l&rsquo;article depuis sa source.<\/a><\/p>\n","protected":false},"excerpt":{"rendered":"<p>Le Souverain a nomm\u00e9, le 22 mars, Zineb El Adaoui en tant que pr\u00e9sidente de la Cour des comptes. Zineb El Adaoui a \u00e9t\u00e9 nomm\u00e9e, le 22 mars, par S.M. le Roi Mohammed VI en tant que pr\u00e9sidente de la Cour des comptes. Premi\u00e8re pr\u00e9sidente \u00e0 la t\u00eate de cette institution, elle remplace ainsi Driss [&hellip;]<\/p>\n","protected":false},"author":1787,"featured_media":0,"comment_status":"closed","ping_status":"closed","sticky":false,"template":"","format":"standard","meta":{"fifu_image_url":"","fifu_image_alt":"","footnotes":""},"categories":[78,54],"tags":[],"class_list":["post-113536","post","type-post","status-publish","format-standard","hentry","category-economie","category-maroc"],"_links":{"self":[{"href":"https:\/\/linitiative.ca\/International\/wp-json\/wp\/v2\/posts\/113536","targetHints":{"allow":["GET"]}}],"collection":[{"href":"https:\/\/linitiative.ca\/International\/wp-json\/wp\/v2\/posts"}],"about":[{"href":"https:\/\/linitiative.ca\/International\/wp-json\/wp\/v2\/types\/post"}],"author":[{"embeddable":true,"href":"https:\/\/linitiative.ca\/International\/wp-json\/wp\/v2\/users\/1787"}],"replies":[{"embeddable":true,"href":"https:\/\/linitiative.ca\/International\/wp-json\/wp\/v2\/comments?post=113536"}],"version-history":[{"count":0,"href":"https:\/\/linitiative.ca\/International\/wp-json\/wp\/v2\/posts\/113536\/revisions"}],"wp:attachment":[{"href":"https:\/\/linitiative.ca\/International\/wp-json\/wp\/v2\/media?parent=113536"}],"wp:term":[{"taxonomy":"category","embeddable":true,"href":"https:\/\/linitiative.ca\/International\/wp-json\/wp\/v2\/categories?post=113536"},{"taxonomy":"post_tag","embeddable":true,"href":"https:\/\/linitiative.ca\/International\/wp-json\/wp\/v2\/tags?post=113536"}],"curies":[{"name":"wp","href":"https:\/\/api.w.org\/{rel}","templated":true}]}}