{"id":113538,"date":"2021-03-22T15:50:27","date_gmt":"2021-03-22T19:50:27","guid":{"rendered":"https:\/\/linitiative.ca\/International\/mohamed-abdennabaoui-nomme-premier-president-de-la-cour-de-cassation\/"},"modified":"2021-03-22T15:50:27","modified_gmt":"2021-03-22T19:50:27","slug":"mohamed-abdennabaoui-nomme-premier-president-de-la-cour-de-cassation","status":"publish","type":"post","link":"https:\/\/linitiative.ca\/International\/mohamed-abdennabaoui-nomme-premier-president-de-la-cour-de-cassation\/","title":{"rendered":"Mohamed Abdennabaoui nomm\u00e9 Premier pr\u00e9sident de la Cour de Cassation"},"content":{"rendered":"<p><strong>Mohamed Abdennabaoui a \u00e9t\u00e9 nomm\u00e9 le 22 mars par le Souverain en tant que Premier pr\u00e9sident de la Cour de Cassation.<\/strong><\/p>\n<div class=\"c10\">\n<\/div>\n<p>S.M. le Roi Mohammed VI a nomm\u00e9, le 22 mars, Mohamed Abdennabaoui en tant que Premier pr\u00e9sident de la Cour de Cassation, et en cette qualit\u00e9, Pr\u00e9sident d\u00e9l\u00e9gu\u00e9 du Conseil Sup\u00e9rieur du Pouvoir Judiciaire. Avant cette nomination, il occupait le poste de pr\u00e9sident du parquet g\u00e9n\u00e9ral. Pour rappel, Mohamed Abdennabaoui est n\u00e9 en 1954 \u00e0 Khouribga.\u00a0Il est titulaire d\u2019un doctorat en droit (2015), d\u2019un dipl\u00f4me d\u2019\u00e9tudes sup\u00e9rieures approfondies (Desa) en droit (1999) et d\u2019une licence en droit (1978). Il a \u00e9galement obtenu un dipl\u00f4me sp\u00e9cialis\u00e9 en justice administrative de l\u2019Institut national des \u00e9tudes judiciaires en France, en 1993.<\/p>\n<p><strong>Lire aussi| <a href=\"https:\/\/www.challenge.ma\/ahmed-rahhou-nouveau-president-du-conseil-de-la-concurrence-179067\/\">Ahmed Rahhou, nouveau pr\u00e9sident du Conseil de la Concurrence<\/a><\/strong><\/p>\n<p>\u00c0 partir de mars 2007, Mohamed Abdennabaoui a occup\u00e9 le poste de directeur des Affaires p\u00e9nales et des gr\u00e2ces au minist\u00e8re de la Justice. Il a \u00e9t\u00e9 \u00e9galement directeur de l\u2019administration p\u00e9nitentiaire et de la r\u00e9insertion au minist\u00e8re (juin 2005 et mars 2007) et procureur du Roi pr\u00e8s le tribunal de Premi\u00e8re instance \u00e0 Casablanca-Anfa (avril 2000 \u00e0 janvier 2004). Il a occup\u00e9 ce dernier poste \u00e9galement pr\u00e8s les tribunaux de Premi\u00e8re instance \u00e0 La\u00e2youne, Benslimane et Mohammedia de 1984 \u00e0 1997.\u00a0Mohamed Abdennabaoui\u00a0a\u00a0\u00e9t\u00e9 d\u00e9cor\u00e9 du wissam Al arch de l\u2019ordre d\u2019officier (2012) et du wissam Al moukafaa al watania de l\u2019ordre de grand officier (2013).<\/p>\n<p><strong>Lire aussi| <a href=\"https:\/\/www.challenge.ma\/fret-aerien-la-ram-dematerialise-le-bon-a-delivrer-179037\/\">Fret a\u00e9rien : la RAM d\u00e9mat\u00e9rialise le bon \u00e0 d\u00e9livrer<\/a><\/strong><\/p>\n<p>Auteur: challenge<br \/>\n<a href=\"https:\/\/www.challenge.ma\/mohamed-abdennabaoui-nomme-premier-president-de-la-cour-de-cassation-179089\/\">Cliquez ici pour lire l&rsquo;article depuis sa source.<\/a><\/p>\n","protected":false},"excerpt":{"rendered":"<p>Mohamed Abdennabaoui a \u00e9t\u00e9 nomm\u00e9 le 22 mars par le Souverain en tant que Premier pr\u00e9sident de la Cour de Cassation. S.M. le Roi Mohammed VI a nomm\u00e9, le 22 mars, Mohamed Abdennabaoui en tant que Premier pr\u00e9sident de la Cour de Cassation, et en cette qualit\u00e9, Pr\u00e9sident d\u00e9l\u00e9gu\u00e9 du Conseil Sup\u00e9rieur du Pouvoir Judiciaire. [&hellip;]<\/p>\n","protected":false},"author":1787,"featured_media":0,"comment_status":"closed","ping_status":"closed","sticky":false,"template":"","format":"standard","meta":{"fifu_image_url":"","fifu_image_alt":"","footnotes":""},"categories":[78,54],"tags":[],"class_list":["post-113538","post","type-post","status-publish","format-standard","hentry","category-economie","category-maroc"],"_links":{"self":[{"href":"https:\/\/linitiative.ca\/International\/wp-json\/wp\/v2\/posts\/113538","targetHints":{"allow":["GET"]}}],"collection":[{"href":"https:\/\/linitiative.ca\/International\/wp-json\/wp\/v2\/posts"}],"about":[{"href":"https:\/\/linitiative.ca\/International\/wp-json\/wp\/v2\/types\/post"}],"author":[{"embeddable":true,"href":"https:\/\/linitiative.ca\/International\/wp-json\/wp\/v2\/users\/1787"}],"replies":[{"embeddable":true,"href":"https:\/\/linitiative.ca\/International\/wp-json\/wp\/v2\/comments?post=113538"}],"version-history":[{"count":0,"href":"https:\/\/linitiative.ca\/International\/wp-json\/wp\/v2\/posts\/113538\/revisions"}],"wp:attachment":[{"href":"https:\/\/linitiative.ca\/International\/wp-json\/wp\/v2\/media?parent=113538"}],"wp:term":[{"taxonomy":"category","embeddable":true,"href":"https:\/\/linitiative.ca\/International\/wp-json\/wp\/v2\/categories?post=113538"},{"taxonomy":"post_tag","embeddable":true,"href":"https:\/\/linitiative.ca\/International\/wp-json\/wp\/v2\/tags?post=113538"}],"curies":[{"name":"wp","href":"https:\/\/api.w.org\/{rel}","templated":true}]}}