{"id":113542,"date":"2021-03-22T17:02:27","date_gmt":"2021-03-22T21:02:27","guid":{"rendered":"https:\/\/linitiative.ca\/International\/tunisie-le-ministere-de-la-sante-nest-nullement-presse-pour-la-reprise-du-tourisme\/"},"modified":"2021-03-22T17:02:27","modified_gmt":"2021-03-22T21:02:27","slug":"tunisie-le-ministere-de-la-sante-nest-nullement-presse-pour-la-reprise-du-tourisme","status":"publish","type":"post","link":"https:\/\/linitiative.ca\/International\/tunisie-le-ministere-de-la-sante-nest-nullement-presse-pour-la-reprise-du-tourisme\/","title":{"rendered":"Tunisie \u2013 Le minist\u00e8re de la sant\u00e9 n\u2019est nullement press\u00e9 pour la reprise du tourisme"},"content":{"rendered":"<div class=\"post-cont-in left relative\">\n<div id=\"post-info-wrap\" class=\"left relative post-info-out\">\n<div class=\"post-info-img left relative\"><img decoding=\"async\" alt=\"\" src=\"https:\/\/secure.gravatar.com\/avatar\/96253f4a657b482a18e837c1252096c2?s=50&amp;d=mm&amp;r=g\" srcset=\"https:\/\/secure.gravatar.com\/avatar\/96253f4a657b482a18e837c1252096c2?s=100&amp;d=mm&amp;r=g 2x\" class=\"avatar avatar-50 photo\" height=\"50\" width=\"50\" loading=\"lazy\"\/><\/div>\n<div class=\"post-info-in\">\n<div class=\"post-info-right left relative post-info-name left relative\"><span><span class=\"post-info-text\">Par<\/span> <span class=\"author-name vcard fn author\"><a href=\"https:\/\/www.tunisienumerique.com\/author\/saber\/\" title=\"Articles par Saber .\" rel=\"author\">Saber .<\/a><\/span><\/span> <span class=\"post-date updated\"><time class=\"post-date updated\" datetime=\"2021-03-22\">\u00a0| Il y a 1 minute<\/time><\/span><br \/>\n<meta itemprop=\"dateModified\" content=\"2021-03-22\"\/><\/div>\n<div class=\"left relative\"><button id=\"listenButton1\" class=\"responsivevoice-button\" type=\"button\" value=\"Play\" title=\"\u00c9coutez l'article\"><span>\ud83d\udd0a \u00c9coutez l&rsquo;article<\/span><\/button>\n<\/div>\n<\/div>\n<\/div>\n<p>Alors qu\u2019on est en pleine p\u00e9riode de pr\u00e9-saison touristique. Une p\u00e9riode o\u00f9 les tour-op\u00e9rateurs commencent \u00e0 lancer leurs offres pour la saison estivale, la Tunisie semble se plaire dans cet \u00e9tat de n\u00e9ant dans lequel elle se trouve depuis plus d\u2019une ann\u00e9e. C\u2019est comme si le minist\u00e8re de la sant\u00e9 n\u2019est nullement d\u00e9rang\u00e9 par cet \u00e9tat et par la mis\u00e8re et la faillite totale qui frappe le secteur de la sant\u00e9, et derri\u00e8re lui, toute l\u2019\u00e9conomie nationale qui se base, en grande partie, sur le tourisme, comme source de richesse.<\/p>\n<div class=\"code-block code-block-1 c4\">\n <ins class=\"adsbygoogle c3\" data-ad-layout=\"in-article\" data-ad-format=\"fluid\" data-ad-client=\"ca-pub-2102118777505746\" data-ad-slot=\"7301775417\"\/>\n<\/div>\n<p>On dirait que nos dirigeants se sont habitu\u00e9s \u00e0 la mendicit\u00e9. Ils demandent l\u2019aum\u00f4ne, et cherchent des aides de partout, sans qu\u2019ils ne consentent le moindre effort. Et c\u2019est valable pour le secteur du tourisme. Puisque nos dirigeants ne cessent de compter sur la sympathie et la sollicitude des partenaires classiques, sans pour autant faire le moindre effort pour \u00ab\u00a0m\u00e9riter\u00a0\u00bb cette aide.<\/p>\n<p>En effet, les partenaires de la Tunisie dans le domaine du tourisme ne d\u00e9m\u00e9ritent pas. Ils ont, \u00e0 maintes reprises, relanc\u00e9 les autorit\u00e9s tunisiennes. Les tour-op\u00e9rateurs veulent, au moins, connaitre les exigences de la Tunisie pour accueillir les touristes. Ils de mandent si les touristes doivent pr\u00e9senter un simple test PCR n\u00e9gatif, ou s\u2019ils doivent \u00eatre vaccin\u00e9s. La Tunisie va-t-elle autoriser l\u2019acc\u00e8s \u00e0 son territoire pour les touristes, uniquement sous le formule du All Inclusiv, \u00e0 charge de ne pas quitter leurs h\u00f4tels\u00a0?<\/p>\n<p>Autant de question, pour les quelles les r\u00e9ponses doivent, en th\u00e9orie, \u00eatre faciles \u00e0 formuler. Or, les tour-op\u00e9rateurs pleins qu\u2019ils sont de bonne volont\u00e9 envers la Tunisie, sont rest\u00e9s sur leur faim, puisque les autorit\u00e9s tunisiennes n\u2019ont, parait-il, m\u00eame, pas daign\u00e9 leur r\u00e9pondre. Il faut croire que le minist\u00e8re de la sant\u00e9, seule autorit\u00e9, \u00e0 pouvoir r\u00e9pondre \u00e0 ces questions des professionnels du tourisme, n\u2019est pas d\u00e9rang\u00e9e du fait que le pays va vers une deuxi\u00e8me saison touristique successive \u00ab\u00a0blanche\u00a0\u00bb. Ce qui veut dire, la mort in\u00e9luctable de tout le secteur. Secteur qui fait vivre des centaines de milliers de tunisiens.<\/p>\n<p>Car le minist\u00e8re du tourisme est appel\u00e9 \u00e0 faire connaitre, et de toute urgence, \u00e0 ses partenaires \u00e9trangers ses conditions pour accepter les touristes cette ann\u00e9e, comme il doit, imm\u00e9diatement, avoir entre les mains, le nouveau protocole sanitaire sp\u00e9cifique pour les \u00e9tablissements touristiques. Protocole qui devrait \u00eatre propos\u00e9 par le minist\u00e8re de la sant\u00e9.<\/p>\n<div class=\"swp_social_panel swp_horizontal_panel swp_flat_fresh swp_default_full_color swp_individual_full_color swp_other_full_color scale-100 scale-\" data-min-width=\"1100\" data-float-color=\"#ffffff\" data-float=\"bottom\" data-float-mobile=\"bottom\" data-transition=\"slide\">\n<div class=\"nc_tweetContainer swp_share_button total_shares total_sharesalt\"><span class=\"swp_count\">0 <span class=\"swp_label\">Partages<\/span><\/span><\/div>\n<\/div>\n<p><strong>Que se passe-t-il en Tunisie?<\/strong><br \/>Nous expliquons sur notre <a href=\"https:\/\/www.youtube.com\/channel\/UCRzypVq0B_yBad5eGrwBx0Q?sub_confirmation=1\" target=\"_blank\" rel=\"noopener\">cha\u00eene YouTube<\/a> . <a href=\"https:\/\/www.youtube.com\/channel\/UCRzypVq0B_yBad5eGrwBx0Q?sub_confirmation=1\" target=\"_blank\" rel=\"noopener\">Abonnez-vous!<\/a><\/p>\n<div class=\"mvp-org-wrap\" itemprop=\"publisher\">\n<div class=\"mvp-org-logo\" itemprop=\"logo\"><img decoding=\"async\" src=\"https:\/\/www.tunisienumerique.com\/wp-content\/uploads\/2017\/02\/logo_tunisie_numerique.png\"\/><br \/>\n<meta itemprop=\"url\" content=\"https:\/\/www.tunisienumerique.com\/wp-content\/uploads\/2017\/02\/logo_tunisie_numerique.png\"\/><\/div>\n<p><meta content=\"Tunisie\"\/><\/div>\n<div class=\"mvp-related-posts left relative\">\n<h4 class=\"post-header\"><span class=\"post-header\">Lire aussi<\/span><\/h4>\n<\/div>\n<div id=\"article-ad\">\n <ins class=\"adsbygoogle c5\" data-ad-client=\"ca-pub-2102118777505746\" data-ad-slot=\"6513972734\" data-ad-format=\"auto\" data-full-width-responsive=\"true\"\/>\n<\/div>\n<\/div>\n<div id=\"post-sidebar-wrap\">\n <ins class=\"adsbygoogle c5\" data-ad-client=\"ca-pub-2102118777505746\" data-ad-slot=\"6168283410\" data-ad-format=\"auto\" data-full-width-responsive=\"true\"\/>\n<\/div>\n<p>Auteur: Saber .<br \/>\n<a href=\"https:\/\/www.tunisienumerique.com\/tunisie-le-ministere-de-la-sante-nest-nullement-presse-pour-la-reprise-du-tourisme\/\">Cliquez ici pour lire l&rsquo;article depuis sa source.<\/a><\/p>\n","protected":false},"excerpt":{"rendered":"<p>Par Saber . \u00a0| Il y a 1 minute \ud83d\udd0a \u00c9coutez l&rsquo;article Alors qu\u2019on est en pleine p\u00e9riode de pr\u00e9-saison touristique. Une p\u00e9riode o\u00f9 les tour-op\u00e9rateurs commencent \u00e0 lancer leurs offres pour la saison estivale, la Tunisie semble se plaire dans cet \u00e9tat de n\u00e9ant dans lequel elle se trouve depuis plus d\u2019une ann\u00e9e. C\u2019est [&hellip;]<\/p>\n","protected":false},"author":1789,"featured_media":0,"comment_status":"closed","ping_status":"closed","sticky":false,"template":"","format":"standard","meta":{"fifu_image_url":"https:\/\/secure.gravatar.com\/avatar\/96253f4a657b482a18e837c1252096c2?s=50&d=mm&r=g","fifu_image_alt":"Tunisie \u2013 Le minist\u00e8re de la sant\u00e9 n\u2019est nullement press\u00e9 pour la reprise du tourisme","footnotes":""},"categories":[73,55],"tags":[],"class_list":["post-113542","post","type-post","status-publish","format-standard","hentry","category-actualite","category-tunisie"],"_links":{"self":[{"href":"https:\/\/linitiative.ca\/International\/wp-json\/wp\/v2\/posts\/113542","targetHints":{"allow":["GET"]}}],"collection":[{"href":"https:\/\/linitiative.ca\/International\/wp-json\/wp\/v2\/posts"}],"about":[{"href":"https:\/\/linitiative.ca\/International\/wp-json\/wp\/v2\/types\/post"}],"author":[{"embeddable":true,"href":"https:\/\/linitiative.ca\/International\/wp-json\/wp\/v2\/users\/1789"}],"replies":[{"embeddable":true,"href":"https:\/\/linitiative.ca\/International\/wp-json\/wp\/v2\/comments?post=113542"}],"version-history":[{"count":0,"href":"https:\/\/linitiative.ca\/International\/wp-json\/wp\/v2\/posts\/113542\/revisions"}],"wp:attachment":[{"href":"https:\/\/linitiative.ca\/International\/wp-json\/wp\/v2\/media?parent=113542"}],"wp:term":[{"taxonomy":"category","embeddable":true,"href":"https:\/\/linitiative.ca\/International\/wp-json\/wp\/v2\/categories?post=113542"},{"taxonomy":"post_tag","embeddable":true,"href":"https:\/\/linitiative.ca\/International\/wp-json\/wp\/v2\/tags?post=113542"}],"curies":[{"name":"wp","href":"https:\/\/api.w.org\/{rel}","templated":true}]}}