{"id":113545,"date":"2021-03-22T15:18:27","date_gmt":"2021-03-22T19:18:27","guid":{"rendered":"https:\/\/linitiative.ca\/International\/validation-de-la-victoire-de-mohamed-bazoum-sur-fond-dattaques-terroristes-au-niger\/"},"modified":"2021-03-22T15:18:27","modified_gmt":"2021-03-22T19:18:27","slug":"validation-de-la-victoire-de-mohamed-bazoum-sur-fond-dattaques-terroristes-au-niger","status":"publish","type":"post","link":"https:\/\/linitiative.ca\/International\/validation-de-la-victoire-de-mohamed-bazoum-sur-fond-dattaques-terroristes-au-niger\/","title":{"rendered":"VALIDATION DE LA VICTOIRE DE MOHAMED BAZOUM SUR FOND D\u2019ATTAQUES TERRORISTES AU NIGER"},"content":{"rendered":"<p class=\"c4\"><em>Le deuxi\u00e8me tour de la\u00a0 pr\u00e9sidentielle au Niger, a livr\u00e9 son verdict d\u00e9finitif le 21 mars dernier. Mohamed Bazoum, le candidat du parti au pouvoir, a vu sa victoire valid\u00e9e par la Cour constitutionnelle qui lui reconna\u00eet 55,66% des suffrages contre 44,34% pour son adversaire, Mahamane Ousmane, apr\u00e8s examen des recours de ce dernier qui contestait les r\u00e9sultats de la Commission \u00e9lectorale et r\u00e9clamait\u00a0 une victoire sur le fil.\u00a0\u00a0<\/em> <em>Le moins que l\u2019on puisse dire, c\u2019est que la messe est dite pour l\u2019ancien chef d\u2019Etat qui r\u00eavait d\u2019un retour aux affaires \u00e0 la faveur de cette pr\u00e9sidentielle rendue ouverte par la d\u00e9cision du pr\u00e9sident sortant, Mahamadou Issoufou, de se conformer \u00e0 l\u2019esprit et \u00e0 la lettre de la loi fondamentale de son pays qui lui interdit un troisi\u00e8me mandat. Une attitude hautement appr\u00e9ci\u00e9e et salu\u00e9e par les d\u00e9mocrates du continent, dans une Afrique de l\u2019Ouest en proie \u00e0 la \u00ab\u00a0maladie du troisi\u00e8me mandat\u00a0\u00bb qui se r\u00e9v\u00e8le aussi dangereuse et mortelle que le Covid-19 sous nos tropiques, particuli\u00e8rement en Guin\u00e9e et en C\u00f4te d\u2019Ivoire qui en ont fait l\u2019exp\u00e9rience, l\u2019ann\u00e9e derni\u00e8re, au moment o\u00f9 la terrible pand\u00e9mie faisait ses premi\u00e8res victimes sur le continent noir.<\/em><\/p>\n<p class=\"c4\"><em>\u00a0<\/em><\/p>\n<p class=\"c6\"><strong><em>Mahamane Ousmane n\u2019a pas d\u2019autre choix que de se conformer au verdict de la plus haute juridiction du pays<\/em><\/strong><\/p>\n<p class=\"c4\"><em>\u00a0<\/em><\/p>\n<p class=\"c4\"><em>Maintenant que la victoire du candidat du pouvoir a \u00e9t\u00e9 confirm\u00e9e, la question que plus d\u2019un se pose est de savoir ce que fera l\u2019opposant qui affirmait encore il n\u2019y a pas longtemps, \u00eatre d\u00e9cid\u00e9 \u00e0 ne pas se laisser \u00ab\u00a0voler la victoire\u00a0\u00bb.\u00a0 Mais il doit, \u00e0 pr\u00e9sent, avoir perdu ses derni\u00e8res illusions avec ces r\u00e9sultats d\u00e9finitifs qui confirment la victoire de son adversaire et qui ne sont pas tr\u00e8s loin de ceux de la Commission \u00e9lectorale, malgr\u00e9 l\u2019annulation d\u2019une partie des r\u00e9sultats par l\u2019instance de recours.\u00a0 A la v\u00e9rit\u00e9, la question de l\u2019attitude du candidat malheureux ne se pose m\u00eame pas. En effet, Mahamane Ousmane n\u2019a pas d\u2019autre choix que de se conformer au verdict de la plus haute juridiction du pays, comp\u00e9tente en mati\u00e8re \u00e9lectorale, dont les d\u00e9cisions sont connues pour \u00eatre sans appel. En tout cas, en inscrivant son action dans le cadre de la l\u00e9galit\u00e9 r\u00e9publicaine en utilisant les voies et moyens de recours l\u00e9gaux devant les institutions habilit\u00e9es, ce qui est \u00e0 son honneur au regard des manifestations de rues qui avaient occasionn\u00e9 au moins deux morts et de nombreux d\u00e9g\u00e2ts mat\u00e9riels, il s\u2019engageait du m\u00eame coup \u00e0 s\u2019y soumettre s\u2019il voulait rester coh\u00e9rent avec lui-m\u00eame. C\u2019est pourquoi, en plus d\u2019\u00eatre incompr\u00e9hensible,\u00a0 toute autre attitude contraire de sa part pourrait le faire tomber sous le coup de la loi en plus d\u2019\u00eatre hautement pr\u00e9judiciable \u00e0 la paix sociale au Niger. Le Niger n\u2019a pas besoin de \u00e7a. Il n\u2019a pas besoin, en plus de l\u2019\u00e9prouvante crise sanitaire, d\u2019une crise post-\u00e9lectorale qui viendrait en rajouter \u00e0 la complexit\u00e9 d\u2019une situation d\u00e9j\u00e0 difficile, au moment o\u00f9 l\u2019hydre terroriste semble reprendre du poil de la b\u00eate dans le pays, avec des assauts r\u00e9p\u00e9t\u00e9s contre les Forces de d\u00e9fense et de s\u00e9curit\u00e9 et des tueries en masse de populations sans d\u00e9fense.<\/em><\/p>\n<p class=\"c4\"><em>\u00a0<\/em><\/p>\n<p class=\"c6\"><strong><em>Les d\u00e9fis sont nombreux et pressants, \u00e0 commencer par la crise s\u00e9curitaire<\/em><\/strong><\/p>\n<p class=\"c6\"><strong><em>\u00a0<\/em><\/strong><\/p>\n<p class=\"c4\"><em>Le dernier acte en date de ces individus sans foi ni loi \u00e9tant cette attaque l\u00e2che et barbare qui a fait\u00a0 une soixantaine de morts dans la r\u00e9gion de Tahoua, pas plus tard que le dimanche 21 mars dernier, apr\u00e8s le massacre de la semaine derni\u00e8re dans la r\u00e9gion de Tillaberi, qui a fait pr\u00e8s d\u2019une centaine de morts\u00a0 selon les derniers chiffres. C\u2019est pourquoi l\u2019heure ne doit plus \u00eatre aux tiraillements pour une \u00e9lection dont tout porte \u00e0 croire qu\u2019elle a \u00e9t\u00e9 r\u00e9guli\u00e8rement pli\u00e9e par le candidat du pouvoir qui b\u00e9n\u00e9ficie aussi d\u2019une majorit\u00e9 confortable \u00e0 la nouvelle Assembl\u00e9e nationale dont l\u2019installation est intervenue, hier, 22 mars, dans la foul\u00e9e, en attendant l\u2019investiture du nouveau pr\u00e9sident pr\u00e9vue pour le 2 avril prochain. Place donc au travail maintenant, car les d\u00e9fis sont nombreux et pressants, \u00e0 commencer par la crise s\u00e9curitaire qui est en train de tourner au cauchemar pour les autorit\u00e9s de Niamey et d\u2019amplifier les inqui\u00e9tudes dans toute la sous-r\u00e9gion.\u00a0<\/em> <em>En tout \u00e9tat de cause, quand on se dit r\u00e9publicain comme l\u2019opposant Mahamane Ousmane s\u2019en r\u00e9clame, on ne peut pas l\u2019\u00eatre \u00e0 moiti\u00e9. C\u2019est pourquoi ce dernier\u00a0 devrait savoir raison garder et faire preuve de sagesse pour \u00e9viter \u00e0 son pays, les affres et les incertitudes des violences post\u00e9lectorales,\u00a0 sachant que dans le cas d\u2019esp\u00e8ce des \u00e9lections contest\u00e9es sur continent noir, la rue n\u2019a jamais port\u00e9 un candidat perdant au pouvoir. Au mieux, il s\u2019exposera \u00e0 la rigueur de loi, au pire, il pourrait rejoindre son principal soutien de Hama Hamadou \u00e0 la d\u00e9sormais c\u00e9l\u00e8bre prison de Filingu\u00e9, s\u2019il ne se voit pas contraint de prendre le chemin de l\u2019exil.<\/em><\/p>\n<p class=\"c4\"><em>\u00a0<\/em><\/p>\n<p class=\"c6\"><strong><em>\u00a0\u00ab\u00a0Le Pays\u00a0\u00bb<\/em><\/strong><\/p>\n<p class=\"c4\"><em>\u00a0<\/em><\/p>\n<p class=\"c4\"><em>\u00a0<\/em><\/p>\n<p class=\"c4\"><em>\u00a0<\/em><\/p>\n<p>Auteur: Editions LEPAYS<br \/>\n<a href=\"https:\/\/lepays.bf\/validation-de-la-victoire-de-mohamed-bazoum-sur-fond-dattaques-terroristes-au-niger\/\">Cliquez ici pour lire l&rsquo;article depuis sa source.<\/a><\/p>\n","protected":false},"excerpt":{"rendered":"<p>Le deuxi\u00e8me tour de la\u00a0 pr\u00e9sidentielle au Niger, a livr\u00e9 son verdict d\u00e9finitif le 21 mars dernier. Mohamed Bazoum, le candidat du parti au pouvoir, a vu sa victoire valid\u00e9e par la Cour constitutionnelle qui lui reconna\u00eet 55,66% des suffrages contre 44,34% pour son adversaire, Mahamane Ousmane, apr\u00e8s examen des recours de ce dernier qui [&hellip;]<\/p>\n","protected":false},"author":1813,"featured_media":0,"comment_status":"closed","ping_status":"closed","sticky":false,"template":"","format":"standard","meta":{"fifu_image_url":"","fifu_image_alt":"","footnotes":""},"categories":[73,81],"tags":[],"class_list":["post-113545","post","type-post","status-publish","format-standard","hentry","category-actualite","category-burkina-faso"],"_links":{"self":[{"href":"https:\/\/linitiative.ca\/International\/wp-json\/wp\/v2\/posts\/113545","targetHints":{"allow":["GET"]}}],"collection":[{"href":"https:\/\/linitiative.ca\/International\/wp-json\/wp\/v2\/posts"}],"about":[{"href":"https:\/\/linitiative.ca\/International\/wp-json\/wp\/v2\/types\/post"}],"author":[{"embeddable":true,"href":"https:\/\/linitiative.ca\/International\/wp-json\/wp\/v2\/users\/1813"}],"replies":[{"embeddable":true,"href":"https:\/\/linitiative.ca\/International\/wp-json\/wp\/v2\/comments?post=113545"}],"version-history":[{"count":0,"href":"https:\/\/linitiative.ca\/International\/wp-json\/wp\/v2\/posts\/113545\/revisions"}],"wp:attachment":[{"href":"https:\/\/linitiative.ca\/International\/wp-json\/wp\/v2\/media?parent=113545"}],"wp:term":[{"taxonomy":"category","embeddable":true,"href":"https:\/\/linitiative.ca\/International\/wp-json\/wp\/v2\/categories?post=113545"},{"taxonomy":"post_tag","embeddable":true,"href":"https:\/\/linitiative.ca\/International\/wp-json\/wp\/v2\/tags?post=113545"}],"curies":[{"name":"wp","href":"https:\/\/api.w.org\/{rel}","templated":true}]}}