{"id":113546,"date":"2021-03-22T15:23:58","date_gmt":"2021-03-22T19:23:58","guid":{"rendered":"https:\/\/linitiative.ca\/International\/disparition-de-kalev-mutond-et-john-numbi\/"},"modified":"2021-03-22T15:23:58","modified_gmt":"2021-03-22T19:23:58","slug":"disparition-de-kalev-mutond-et-john-numbi","status":"publish","type":"post","link":"https:\/\/linitiative.ca\/International\/disparition-de-kalev-mutond-et-john-numbi\/","title":{"rendered":"DISPARITION DE KALEV MUTOND ET JOHN NUMBI"},"content":{"rendered":"<div class=\"featured-area featured-area-inner\">\n<figure class=\"single-featured-image\"><img decoding=\"async\" width=\"780\" height=\"470\" src=\"https:\/\/lepays.bf\/wp-content\/uploads\/2021\/03\/DISPARITION-780x470.jpg\" class=\"attachment-jannah-image-post size-jannah-image-post wp-post-image\" alt=\"\" loading=\"lazy\"\/><\/figure>\n<\/div>\n<div class=\"entry-content entry clearfix\" readability=\"67\">\n<p class=\"c4\"><em>De quoi ont peur Kalev Mutond et John Numbi\u00a0? \u00a0Convoqu\u00e9s \u00e0 la suite de plusieurs plaintes contre eux l\u2019ancien Administrateur g\u00e9n\u00e9ral de l\u2019Agence nationale de renseignements (ANR) et l\u2019ex-inspecteur g\u00e9n\u00e9ral de la Police rechignent \u00e0 se rendre au Parquet. Qui plus est, ils sont port\u00e9s disparus. Autant croire a priori que les deux anciens hi\u00e9rarques veulent continuer \u00e0 s\u2019envelopper dans la douillette couette de l\u2019impunit\u00e9 qui avait atrocement caract\u00e9ris\u00e9 le r\u00e9gime de leur ancien mentor, Joseph Kabila. Kalev Mutond\u00a0et John Numbi se trompent-ils d\u2019\u00e9poque\u00a0? Ont-ils vraiment pris conscience que l\u2019\u00e8re Kabila est r\u00e9volue\u00a0?\u00a0 En tous les cas, leur ligne de d\u00e9fense para\u00eet pour le moins sp\u00e9cieuse. \u00a0En effet, ils n\u2019auront trouv\u00e9 de mieux \u00e0 faire que de crier au complot et \u00e0 l\u2019acharnement, accusant le magistrat instructeur des dossiers les concernant, d\u2019en \u00eatre l\u2019instigateur. \u00a0\u00a0Une telle posture ne suffira certainement pas \u00e0 leur porter secours, tant l\u2019affaire est s\u00e9rieuse. Et pour cause\u00a0: plus d\u2019une trentaine d\u2019anciens opposants et activistes des droits de l\u2019Homme, constitu\u00e9s en comit\u00e9s, ont saisi l\u2019Association congolaise pour l\u2019acc\u00e8s \u00e0 la justice (Acaj).\u00a0 Et, il faut croire qu\u2019ils n\u2019en d\u00e9mordront pas tant que justice ne leur sera pas rendue. \u00ab\u00a0Arrestations, d\u00e9tentions arbitraires, traitements inhumains et d\u00e9gradants\u00a0\u00bb\u00a0; la liste des exactions reproch\u00e9es \u00e0 Kalev Mutond et John Numbi est bien longue. Pour le dernier cit\u00e9, tout porte \u00e0 croire que ce sont les derni\u00e8res r\u00e9v\u00e9lations faites par deux policiers dans l\u2019affaire Floribert Chebeya, qui lui valent des noises\u00a0<\/em><\/p>\n<p class=\"c4\"><em>\u00a0<\/em><\/p>\n<p class=\"c6\"><strong><em>Leur cas doit interpeller tous les sicaires du continent<\/em><\/strong><\/p>\n<p class=\"c4\"><em>\u00a0<\/em><\/p>\n<p class=\"c4\"><em>Et face \u00e0 tout ce dont on les accable, difficile de donner le bon Dieu sans confession \u00e0 ces deux ex-s\u00e9curocrates de Kabila qui s\u2019ex\u00e9cutaient \u00a0pour la d\u00e9fense des \u00a0int\u00e9r\u00eats de ce dernier et \u00e9taient \u00a0au service d\u2019un r\u00e9gime aussi r\u00e9pressif que celui du ra\u00efs congolais d\u00e9chu. Il faut rappeler que bien des plaignants \u00e9taient actifs dans les manifestations et mouvements qui r\u00e9clamaient le d\u00e9part de Kabila et l\u2019organisation des \u00e9lections dans les d\u00e9lais. \u00a0En refusant de se pr\u00e9senter \u00e0 la Justice congolaise, sans doute Kalev Mutond et John Numbi ont-ils des choses \u00e0 se reprocher au point d\u2019opter pour la fuite en avant.\u00a0<\/em> <em>En tout \u00e9tat de cause, il importe que toute la lumi\u00e8re soit faite sur cette affaire et ce n\u2019est pas le pr\u00e9sident F\u00e9lix Tshisek\u00e9di qui s\u2019en offusquerait\u00a0; lui qui semble d\u00e9cid\u00e9 \u00e0 op\u00e9rer la rupture avec la gouvernance calamiteuse de son pr\u00e9d\u00e9cesseur et qui continue de multiplier les gages dans ce sens.\u00a0 Qu\u2019un autre pro- Kabila soit contraint de rendre compte de sa gestion pass\u00e9e, cela doit plut\u00f4t r\u00e9jouir le pouvoir en place qui est all\u00e9 de victoire en victoire dans son bras de fer avec son ancien alli\u00e9, Kabila. Kalev Mutond et John Numbi rattrap\u00e9s par leur pass\u00e9\u00a0?\u00a0 En attendant de le savoir, leur cas doit interpeller tous les sicaires du continent, agissant, bien souvent, h\u00e9las, sans discernement, dans l\u2019unique int\u00e9r\u00eat \u00a0des satrapes. \u00a0Ils semblent parfois oublier \u00a0que leurs\u00a0 prot\u00e9g\u00e9s ne sont pas \u00e9ternels.<\/em><\/p>\n<p class=\"c4\"><em>\u00a0<\/em><\/p>\n<p class=\"c6\"><strong><em>CBS<\/em><\/strong><\/p>\n<\/div>\n<p>Auteur: Editions LEPAYS<br \/>\n<a href=\"https:\/\/lepays.bf\/disparition-de-kalev-mutond-et-john-numbi\/\">Cliquez ici pour lire l&rsquo;article depuis sa source.<\/a><\/p>\n","protected":false},"excerpt":{"rendered":"<p>De quoi ont peur Kalev Mutond et John Numbi\u00a0? \u00a0Convoqu\u00e9s \u00e0 la suite de plusieurs plaintes contre eux l\u2019ancien Administrateur g\u00e9n\u00e9ral de l\u2019Agence nationale de renseignements (ANR) et l\u2019ex-inspecteur g\u00e9n\u00e9ral de la Police rechignent \u00e0 se rendre au Parquet. Qui plus est, ils sont port\u00e9s disparus. Autant croire a priori que les deux anciens hi\u00e9rarques [&hellip;]<\/p>\n","protected":false},"author":1813,"featured_media":0,"comment_status":"closed","ping_status":"closed","sticky":false,"template":"","format":"standard","meta":{"fifu_image_url":"https:\/\/lepays.bf\/wp-content\/uploads\/2021\/03\/DISPARITION-780x470.jpg","fifu_image_alt":"DISPARITION DE KALEV MUTOND ET JOHN NUMBI","footnotes":""},"categories":[73,81],"tags":[],"class_list":["post-113546","post","type-post","status-publish","format-standard","hentry","category-actualite","category-burkina-faso"],"_links":{"self":[{"href":"https:\/\/linitiative.ca\/International\/wp-json\/wp\/v2\/posts\/113546","targetHints":{"allow":["GET"]}}],"collection":[{"href":"https:\/\/linitiative.ca\/International\/wp-json\/wp\/v2\/posts"}],"about":[{"href":"https:\/\/linitiative.ca\/International\/wp-json\/wp\/v2\/types\/post"}],"author":[{"embeddable":true,"href":"https:\/\/linitiative.ca\/International\/wp-json\/wp\/v2\/users\/1813"}],"replies":[{"embeddable":true,"href":"https:\/\/linitiative.ca\/International\/wp-json\/wp\/v2\/comments?post=113546"}],"version-history":[{"count":0,"href":"https:\/\/linitiative.ca\/International\/wp-json\/wp\/v2\/posts\/113546\/revisions"}],"wp:attachment":[{"href":"https:\/\/linitiative.ca\/International\/wp-json\/wp\/v2\/media?parent=113546"}],"wp:term":[{"taxonomy":"category","embeddable":true,"href":"https:\/\/linitiative.ca\/International\/wp-json\/wp\/v2\/categories?post=113546"},{"taxonomy":"post_tag","embeddable":true,"href":"https:\/\/linitiative.ca\/International\/wp-json\/wp\/v2\/tags?post=113546"}],"curies":[{"name":"wp","href":"https:\/\/api.w.org\/{rel}","templated":true}]}}