{"id":113547,"date":"2021-03-22T15:27:10","date_gmt":"2021-03-22T19:27:10","guid":{"rendered":"https:\/\/linitiative.ca\/International\/deces-de-guy-brice-parfait-kolelas\/"},"modified":"2021-03-22T15:27:10","modified_gmt":"2021-03-22T19:27:10","slug":"deces-de-guy-brice-parfait-kolelas","status":"publish","type":"post","link":"https:\/\/linitiative.ca\/International\/deces-de-guy-brice-parfait-kolelas\/","title":{"rendered":"DECES DE GUY BRICE PARFAIT KOLELAS"},"content":{"rendered":"<p class=\"c4\"><em>Annonc\u00e9 quelques heures apr\u00e8s la fermeture des bureaux de vote, le d\u00e9c\u00e8s de Guy-Brice Parfait Kol\u00e9las, constitue un coup dur pour l\u2019opposition congolaise qui est vent debout contre la dictature de Denis Sassou Nguesso. On se rappelle que m\u00eame \u00e0 l\u2019article de la mort, l\u2019homme continuait de se battre pour l\u2019alternance, puisqu\u2019il n\u2019avait pas h\u00e9sit\u00e9 \u00e0 appeler ses compatriotes \u00e0 aller voter pour le changement. C\u2019est dire si sa disparition brutale laisse un grand vide. Cela est d\u2019autant plus vrai qu\u2019il se pr\u00e9sentait comme le principal challenger de Denis Sassou Nguesso \u00e0 la derni\u00e8re pr\u00e9sidentielle. \u00a0Et sans \u00eatre cynique, l\u2019on pourrait dire que la mort de Kol\u00e9las n\u2019\u00e9meut pas outre mesure le satrape de Brazzaville. \u00a0\u00a0Peut-\u00eatre\u00a0 se frotte-t-il m\u00eame les mains en silence. En tout cas, le moins que l\u2019on puisse dire, c\u2019est que la maladie \u00e0 coronavirus aura vol\u00e9 au secours du roi Sassou en mettant fin aux ambitions politiques et en stoppant net le combat de son plus farouche adversaire. Sassou peut dire merci au Covid-19\u00a0pour l\u2019avoir d\u00e9barrass\u00e9 de celui qui \u00e9tait devenu le principal poil \u00e0 gratter de son r\u00e9gime. En emportant Kol\u00e9las, dans l\u2019avion m\u00e9dicalis\u00e9 qui le conduisait en France,\u00a0 le Covid-19 douche les espoirs de nombreux Congolais qui voyaient en cet \u00e9conomiste, le successeur, pour ne pas dire, le tombeur potentiel de Sassou. On le sait, Guy-Brice Parfait Kol\u00e9las n\u2019\u00e9tait pas n\u2019importe qui. Il \u00a0\u00e9tait arriv\u00e9 deuxi\u00e8me \u00e0 la pr\u00e9sidentielle de 2016. Malgr\u00e9 sa t\u00e9nacit\u00e9, Guy-Brice Parfait Kol\u00e9las s\u2019en est all\u00e9 sans parvenir \u00e0 r\u00e9aliser son plus grand r\u00eave\u00a0: celui de devenir pr\u00e9sident de la R\u00e9publique du Congo. Et il n\u2019est pas le seul opposant \u00e0 \u00eatre victime d\u2019un tel sort. L\u2019opposant malien, Souma\u00efla Ciss\u00e9, a \u00e9t\u00e9 aussi emport\u00e9 par le Covid-19, au moment o\u00f9 les nuages qui obscurcissaient son accession au firmament, semblaient se dissiper.<\/em><\/p>\n<p class=\"c4\"><em>\u00a0<\/em><\/p>\n<p class=\"c6\"><strong><em>On se demande comment l\u2019opposition congolaise va organiser la r\u00e9sistance citoyenne<\/em><\/strong><\/p>\n<p class=\"c6\"><strong><em>\u00a0<\/em><\/strong><\/p>\n<p class=\"c4\"><em>Cela dit, le Covid-19 n\u2019a pas terrass\u00e9 que des opposants sur le continent noir. Des dirigeants tels que John Magufuli de la Tanzanie et Pierre Nkurunziza du Burundi, en ont aussi \u00e9t\u00e9 victimes. Autant dire que ce mal qui s\u2019est r\u00e9pandu \u00e0 travers la plan\u00e8te, aura contribu\u00e9 \u00e0 tourner quelques pages du livre de la satrapie africaine, mais aussi \u00e0 renvoyer aux calendes africaines, l\u2019alternance chez certains. Du reste, on se demande comment l\u2019opposition congolaise qui crie d\u00e9j\u00e0 \u00e0 la fraude, va organiser la r\u00e9sistance citoyenne face \u00e0 Sassou qui dirige son pays d\u2019une main de fer depuis plus de trois d\u00e9cennies. Ce d\u2019autant qu\u2019elle vient de perdre l\u2019un de ses grands leaders. Orpheline de l\u2019un de ses intr\u00e9pides combattants de l\u2019alternance, que fera \u00e0 pr\u00e9sent l\u2019opposition dans un pays o\u00f9 tout est verrouill\u00e9\u00a0? Sa bataille pour le changement continue-t-elle \u00e0 s\u2019apparenter \u00e0 un combat contre des moulins \u00e0 vent\u00a0? Pourvu qu\u2019elle ne baisse pas les bras face \u00e0 l\u2019addiction de Sassou au pouvoir, qui devrait avoir d\u00e9j\u00e0 pr\u00e9par\u00e9 \u00ab\u00a0ses\u00a0\u00bb r\u00e9sultats pour les faire avaliser\u00a0 par des institutions \u00e0 son \u00a0solde\u00a0! Vivement que l\u2019Opposition ne courbe pas l\u2019\u00e9chine pour la m\u00e9moire de Kol\u00e9as tomb\u00e9 les armes de l\u2019alternance, \u00e0 la main.<\/em><\/p>\n<p class=\"c4\"><em>\u00a0<\/em><\/p>\n<p class=\"c6\"><strong><em>Dabadi ZOUMBARA<\/em><\/strong><\/p>\n<p><strong>\u00a0<\/strong><\/p>\n<p>Auteur: Editions LEPAYS<br \/>\n<a href=\"https:\/\/lepays.bf\/deces-de-guy-brice-parfait-kolelas\/\">Cliquez ici pour lire l&rsquo;article depuis sa source.<\/a><\/p>\n","protected":false},"excerpt":{"rendered":"<p>Annonc\u00e9 quelques heures apr\u00e8s la fermeture des bureaux de vote, le d\u00e9c\u00e8s de Guy-Brice Parfait Kol\u00e9las, constitue un coup dur pour l\u2019opposition congolaise qui est vent debout contre la dictature de Denis Sassou Nguesso. On se rappelle que m\u00eame \u00e0 l\u2019article de la mort, l\u2019homme continuait de se battre pour l\u2019alternance, puisqu\u2019il n\u2019avait pas h\u00e9sit\u00e9 [&hellip;]<\/p>\n","protected":false},"author":1813,"featured_media":0,"comment_status":"closed","ping_status":"closed","sticky":false,"template":"","format":"standard","meta":{"fifu_image_url":"","fifu_image_alt":"","footnotes":""},"categories":[73,81],"tags":[],"class_list":["post-113547","post","type-post","status-publish","format-standard","hentry","category-actualite","category-burkina-faso"],"_links":{"self":[{"href":"https:\/\/linitiative.ca\/International\/wp-json\/wp\/v2\/posts\/113547","targetHints":{"allow":["GET"]}}],"collection":[{"href":"https:\/\/linitiative.ca\/International\/wp-json\/wp\/v2\/posts"}],"about":[{"href":"https:\/\/linitiative.ca\/International\/wp-json\/wp\/v2\/types\/post"}],"author":[{"embeddable":true,"href":"https:\/\/linitiative.ca\/International\/wp-json\/wp\/v2\/users\/1813"}],"replies":[{"embeddable":true,"href":"https:\/\/linitiative.ca\/International\/wp-json\/wp\/v2\/comments?post=113547"}],"version-history":[{"count":0,"href":"https:\/\/linitiative.ca\/International\/wp-json\/wp\/v2\/posts\/113547\/revisions"}],"wp:attachment":[{"href":"https:\/\/linitiative.ca\/International\/wp-json\/wp\/v2\/media?parent=113547"}],"wp:term":[{"taxonomy":"category","embeddable":true,"href":"https:\/\/linitiative.ca\/International\/wp-json\/wp\/v2\/categories?post=113547"},{"taxonomy":"post_tag","embeddable":true,"href":"https:\/\/linitiative.ca\/International\/wp-json\/wp\/v2\/tags?post=113547"}],"curies":[{"name":"wp","href":"https:\/\/api.w.org\/{rel}","templated":true}]}}