{"id":113550,"date":"2021-03-22T09:06:42","date_gmt":"2021-03-22T13:06:42","guid":{"rendered":"https:\/\/linitiative.ca\/International\/cameroun-lancien-secretaire-detat-andre-tsala-messi-nest-plus\/"},"modified":"2021-03-22T09:06:42","modified_gmt":"2021-03-22T13:06:42","slug":"cameroun-lancien-secretaire-detat-andre-tsala-messi-nest-plus","status":"publish","type":"post","link":"https:\/\/linitiative.ca\/International\/cameroun-lancien-secretaire-detat-andre-tsala-messi-nest-plus\/","title":{"rendered":"Cameroun : l\u2019ancien secr\u00e9taire d\u2019Etat Andr\u00e9 Tsala Messi n\u2019est plus"},"content":{"rendered":"<div readability=\"32\">\n<p>Publi\u00e9 le 22.03.2021 \u00e0 14h06 par JournalduCameroun.com<\/p>\n<\/div>\n<div readability=\"44\">\n<h5 class=\"c8\">L\u2019homme s\u2019est \u00e9teint dimanche 21 mars des suites de maladie dans un h\u00f4pital de la ville de Yaound\u00e9.<\/h5>\n<p class=\"c9\"><strong>Andr\u00e9 Tsala Messi<\/strong> est mort \u00e0 l\u2019\u00e2ge de 76 ans. L\u2019ancien secr\u00e9taire d\u2019Etat (2000-2004) aupr\u00e8s du ministre de l\u2019Urbanisme et de l\u2019Habitat, charg\u00e9 du domaine et du cadastre \u00e9tait un membre du Comit\u00e9 central du RDPC, le parti au pouvoir.<\/p>\n<p class=\"c9\">Il \u00e9tait \u00e9galement le maire de la ville de Monatele, chef-lieu du d\u00e9partement de la Lekie, dans la r\u00e9gion du Centre. Andr\u00e9 Tsala Messi a \u00e9t\u00e9 le premier magistrat de cette ville durant 25 ans, de 1997 \u00e0 2020, soit cinq mandats successifs.<\/p>\n<\/div>\n<p>Auteur: journalducameroun<br \/>\n<a href=\"https:\/\/www.journalducameroun.com\/cameroun-lancien-secretaire-detat-andre-tsala-messi-nest-plus-cameroun\/\">Cliquez ici pour lire l&rsquo;article depuis sa source.<\/a><\/p>\n","protected":false},"excerpt":{"rendered":"<p>Publi\u00e9 le 22.03.2021 \u00e0 14h06 par JournalduCameroun.com L\u2019homme s\u2019est \u00e9teint dimanche 21 mars des suites de maladie dans un h\u00f4pital de la ville de Yaound\u00e9. Andr\u00e9 Tsala Messi est mort \u00e0 l\u2019\u00e2ge de 76 ans. L\u2019ancien secr\u00e9taire d\u2019Etat (2000-2004) aupr\u00e8s du ministre de l\u2019Urbanisme et de l\u2019Habitat, charg\u00e9 du domaine et du cadastre \u00e9tait un [&hellip;]<\/p>\n","protected":false},"author":1965,"featured_media":0,"comment_status":"closed","ping_status":"closed","sticky":false,"template":"","format":"standard","meta":{"fifu_image_url":"","fifu_image_alt":"","footnotes":""},"categories":[73,82],"tags":[],"class_list":["post-113550","post","type-post","status-publish","format-standard","hentry","category-actualite","category-cameroun"],"_links":{"self":[{"href":"https:\/\/linitiative.ca\/International\/wp-json\/wp\/v2\/posts\/113550","targetHints":{"allow":["GET"]}}],"collection":[{"href":"https:\/\/linitiative.ca\/International\/wp-json\/wp\/v2\/posts"}],"about":[{"href":"https:\/\/linitiative.ca\/International\/wp-json\/wp\/v2\/types\/post"}],"author":[{"embeddable":true,"href":"https:\/\/linitiative.ca\/International\/wp-json\/wp\/v2\/users\/1965"}],"replies":[{"embeddable":true,"href":"https:\/\/linitiative.ca\/International\/wp-json\/wp\/v2\/comments?post=113550"}],"version-history":[{"count":0,"href":"https:\/\/linitiative.ca\/International\/wp-json\/wp\/v2\/posts\/113550\/revisions"}],"wp:attachment":[{"href":"https:\/\/linitiative.ca\/International\/wp-json\/wp\/v2\/media?parent=113550"}],"wp:term":[{"taxonomy":"category","embeddable":true,"href":"https:\/\/linitiative.ca\/International\/wp-json\/wp\/v2\/categories?post=113550"},{"taxonomy":"post_tag","embeddable":true,"href":"https:\/\/linitiative.ca\/International\/wp-json\/wp\/v2\/tags?post=113550"}],"curies":[{"name":"wp","href":"https:\/\/api.w.org\/{rel}","templated":true}]}}