{"id":113551,"date":"2021-03-22T09:22:16","date_gmt":"2021-03-22T13:22:16","guid":{"rendered":"https:\/\/linitiative.ca\/International\/achille-mbembe-emmanuel-macron-veut-redefinir-les-fondamentaux-de-la-relation-entre-lafrique-et-la-france\/"},"modified":"2021-03-22T09:22:16","modified_gmt":"2021-03-22T13:22:16","slug":"achille-mbembe-emmanuel-macron-veut-redefinir-les-fondamentaux-de-la-relation-entre-lafrique-et-la-france","status":"publish","type":"post","link":"https:\/\/linitiative.ca\/International\/achille-mbembe-emmanuel-macron-veut-redefinir-les-fondamentaux-de-la-relation-entre-lafrique-et-la-france\/","title":{"rendered":"Achille Mbembe: \u00abEmmanuel Macron veut red\u00e9finir les fondamentaux de la relation entre l\u2019Afrique et la France\u00bb"},"content":{"rendered":"<div readability=\"32\">\n<p>Publi\u00e9 le 22.03.2021 \u00e0 14h22 par RFI<\/p>\n<\/div>\n<div readability=\"137\">\n<h5 class=\"c8\">C\u2019est un partenariat qui va faire du bruit. En juillet prochain, lors du prochain sommet Afrique-France pr\u00e9vu \u00e0 Montpellier, dans le sud de la France, Emmanuel Macron dialoguera avec Achille Mbembe. Depuis quatre ans, l\u2019essayiste camerounais critique sans m\u00e9nagement le pr\u00e9sident fran\u00e7ais. Mais\u00a0d\u00e8s avril, Achille Mbembe va accompagner une s\u00e9rie de rencontres pr\u00e9alables au sommet. Et \u00e0 la s\u00e9ance pl\u00e9ni\u00e8re du 9 juillet, il \u00e9changera avec Emmanuel Macron\u00a0devant un panel de jeunes. Pourquoi un intellectuel farouchement ind\u00e9pendant comme Achille Mbembe accepte-t-il l\u2019invitation du chef de l\u2019\u00c9tat fran\u00e7ais ?\u00a0 Le c\u00e9l\u00e8bre historien camerounais r\u00e9pond aux questions de Christophe Boisbouvier.<\/h5>\n<p class=\"c9\"><strong>RFI<\/strong>\u00a0<strong>: On conna\u00eet votre combat contre le postcolonialisme et pour l\u2019\u00e9mancipation de l\u2019Afrique. Pourquoi avez-vous accept\u00e9 de co-piloter la pr\u00e9paration du prochain sommet Afrique-France<\/strong>\u00a0<strong>?<\/strong><\/p>\n<p class=\"c9\"><strong>Achille Mbembe<\/strong>\u00a0<strong>:<\/strong>\u00a0Je suis tent\u00e9 de dire que c\u2019est d\u2019abord par curiosit\u00e9 intellectuelle. Le pr\u00e9sident Emmanuel Macron m\u2019a demand\u00e9 de jouer un r\u00f4le d\u2019accompagnement aupr\u00e8s des nouvelles g\u00e9n\u00e9rations, avec lesquelles il veut tenter de red\u00e9finir ce qu\u2019il appelle\u00a0<em>\u00ab<\/em>\u00a0l<em>es fondamentaux de la relation entre l\u2019Afrique et la France<\/em>\u00a0\u00bb. C\u2019est un combat pour lequel nous militons depuis pr\u00e8s de soixante ans. La proposition du pr\u00e9sident Macron est suffisamment ouverte, pour que l\u2019on puisse contribuer \u00e0 la d\u00e9finition du contenu de cette nouvelle relation. J\u2019ai trouv\u00e9 que c\u2019\u00e9tait un projet n\u00e9cessaire, raisonnable, que la mission \u00e9tait une mission de bon sens, que l\u2019Afrique devrait pouvoir y trouver son int\u00e9r\u00eat, ce qui me semble \u00eatre le cas.<\/p>\n<p class=\"c9\"><strong>Apr\u00e8s le discours de Ouagadougou de novembre 2017, vous avez \u00e9crit<\/strong>\u00a0<strong>: \u00ab<\/strong>\u00a0<strong><em>Quand Emmanuel Macron parle d\u2019une r\u00e9vision en profondeur des rapports franco-africains, il fait, en r\u00e9alit\u00e9, une op\u00e9ration de marketing [pour relancer la France sur le march\u00e9 commercial des pays africains]<\/em><\/strong>\u00a0<strong>\u00bb.<\/strong><\/p>\n<p class=\"c9\">Oui, \u00e0 l\u2019\u00e9poque, beaucoup d\u2019entre nous pensaient, effectivement, que c\u2019\u00e9tait le cas. Il faut quand m\u00eame \u00eatre aveugle \u00e0 ce qui se passe, pour r\u00e9p\u00e9ter la m\u00eame antienne aujourd\u2019hui. Il y a des gestes qui ont \u00e9t\u00e9 accomplis, je pense en particulier \u00e0 la mission qu\u2019il a confi\u00e9e \u00e0 mon ami\u00a0<em>Felwine Sarr<\/em>, qui a permis de rouvrir le d\u00e9bat sur les restitutions [des biens culturels africains], qui a permis un d\u00e9clic des imaginaires. Je pense \u00e0 l\u2019autre mission, confi\u00e9e \u00e0 madame\u00a0N\u2019Gon\u00e9\u00a0<em>Fall<\/em>, qui a abouti \u00e0 une grosse op\u00e9ration \u00ab\u00a0<em>Africa 2020<\/em>\u00a0\u00bb, il y a des pas qui ont \u00e9t\u00e9 accomplis en ce qui concerne le franc CFA\u2026 Et donc il y a un fr\u00e9missement. Il faut, \u00e9videmment, aller plus loin.<\/p>\n<p class=\"c9\"><strong>Pour recr\u00e9er du lien humain entre la France et l\u2019Afrique, Emmanuel Macron compte beaucoup sur la diaspora africaine en France, ce qu\u2019il appelle \u00ab<\/strong>\u00a0<strong><em>la part africaine de l\u2019identit\u00e9 fran\u00e7aise<\/em><\/strong>\u00a0<strong>\u00bb. Est-ce que vous y croyez, vous aussi<\/strong>\u00a0<strong>?<\/strong><\/p>\n<p class=\"c9\">Oui, il y a des choses \u00e0 faire avec les diasporas. Apr\u00e8s soixante ann\u00e9es de p\u00e9trification, le moment est venu, justement, d\u2019acc\u00e9l\u00e9rer ce processus, pour provoquer les d\u00e9clics n\u00e9cessaires, tout en sachant que tout ne va pas changer du jour au lendemain\u00a0! Mais il faut \u00eatre \u00e0 l\u2019aff\u00fbt de chaque brin d\u2019esp\u00e9rance et petit \u00e0 petit, je dirais, ouvrir la voie \u00e0 d\u2019autres imaginaires.<\/p>\n<p class=\"c9\"><strong>Mais vous n\u2019\u00eates pas toujours tendre avec Emmanuel Macron. Vous \u00e9crivez<\/strong>\u00a0<strong>: \u00ab<\/strong>\u00a0<strong><em>Le choix des diasporas, comme bras civil d\u2019une croisade pro-entreprise, risque d\u2019aviver la course aux rentes et les penchants affairistes<\/em><\/strong>\u00a0<strong>\u00bb.<\/strong><\/p>\n<p class=\"c9\">Oui, enfin\u2026 Vous savez que j\u2019ai critiqu\u00e9, mais je ne suis pas le seul. J\u2019ai critiqu\u00e9, par exemple, le CPA -le Conseil pr\u00e9sidentiel pour l\u2019Afrique-, j\u2019ai critiqu\u00e9 le pr\u00e9sident Macron. Vous savez, je critique surtout les gens que je respecte. Et ma critique n\u2019a jamais \u00e9t\u00e9 fond\u00e9e sur le d\u00e9sir de d\u00e9truire la relation. Ma critique visait \u00e0 faire en sorte que l\u2019on remette cette relation en jeu et qu\u2019ensemble on essaie de repenser les fondamentaux de la relation. C\u2019est ce qu\u2019il dit vouloir faire. Il veut le faire, d\u2019un c\u00f4t\u00e9 avec la jeunesse. L\u2019autre pari, c\u2019est sur les diasporas. Ce sont des choses qui m\u2019int\u00e9ressent, \u00e0 la fois intellectuellement et politiquement. C\u2019est pour cela que j\u2019ai accept\u00e9 d\u2019accompagner ce projet. J\u2019y vais en tant qu\u2019accompagnateur, en tant que t\u00e9moin. Je crois qu\u2019il est tr\u00e8s facile d\u2019\u00eatre cynique. Je tiens \u00e0 la part de r\u00eave que contient toute vie humaine, ce qui veut dire que je suis pr\u00eat \u00e0 me tromper.<\/p>\n<p class=\"c9\"><strong>Vous n\u2019\u00eates pas une prise de guerre d\u2019Emmanuel Macron<\/strong>\u00a0<strong>?<\/strong><\/p>\n<p class=\"c9\">Ah non\u00a0! (<em>Rires<\/em>) Mais non\u00a0! Il ne le pense pas, je ne le pense pas non plus\u00a0! (<em>Rires<\/em>)<\/p>\n<p class=\"c9\"><strong>Emmanuel Macron n\u2019est-il pas un homme contradictoire, qui joue sur ses contradictions pour s\u00e9duire ses interlocuteurs<\/strong>\u00a0<strong>?<\/strong><\/p>\n<p class=\"c9\">(<em>Rires<\/em>) Je vais vous dire une chose. Je l\u2019ai rencontr\u00e9 une fois. Il nous a re\u00e7us \u00e0 d\u00e9jeuner chez lui, \u00e0 l\u2019\u00c9lys\u00e9e. Effectivement, c\u2019est un s\u00e9ducteur\u00a0! Et je ne le dis pas d\u2019une mani\u00e8re p\u00e9jorative. C\u2019est un esprit brillant. C\u2019est quelqu\u2019un avec lequel on a plaisir \u00e0 dialoguer. Il est tr\u00e8s attentif\u2026 Nous \u00e9tions cinq ou six et j\u2019\u00e9tais assis \u00e0 sa droite. Il prenait des notes, il \u00e9coutait\u2026 C\u2019est quelqu\u2019un qui prend des risques, apparemment, qui aime la contradiction, en fait. Je dirais qu\u2019il aime \u00eatre contredit et il aime le d\u00e9bat chaud. \u00c9videmment, pour un chef d\u2019<em>\u00c9<\/em>tat, cela pr\u00e9sente des risques. Mais qu\u2019est-ce que vous voulez que je vous dise\u00a0? Il m\u2019a propos\u00e9 une id\u00e9e et il me propose d\u2019en \u00eatre un des accompagnateurs. Cela me convient parfaitement et une fois le sommet termin\u00e9, je retourne dans mes amphith\u00e9\u00e2tres.<\/p>\n<p class=\"c9\"><strong>Et \u00e0 votre libert\u00e9 constante dans vos travaux et dans votre prise de parole\u2026<\/strong><\/p>\n<p class=\"c9\">Absolument.<\/p>\n<\/div>\n<p>Auteur: Christian DJIMADEU<br \/>\n<a href=\"https:\/\/www.journalducameroun.com\/achille-mbembe-emmanuel-macron-veut-redefinir-les-fondamentaux-de-la-relation-entre-lafrique-et-la-france-cameroun\/\">Cliquez ici pour lire l&rsquo;article depuis sa source.<\/a><\/p>\n","protected":false},"excerpt":{"rendered":"<p>Publi\u00e9 le 22.03.2021 \u00e0 14h22 par RFI C\u2019est un partenariat qui va faire du bruit. En juillet prochain, lors du prochain sommet Afrique-France pr\u00e9vu \u00e0 Montpellier, dans le sud de la France, Emmanuel Macron dialoguera avec Achille Mbembe. Depuis quatre ans, l\u2019essayiste camerounais critique sans m\u00e9nagement le pr\u00e9sident fran\u00e7ais. Mais\u00a0d\u00e8s avril, Achille Mbembe va accompagner [&hellip;]<\/p>\n","protected":false},"author":1965,"featured_media":0,"comment_status":"closed","ping_status":"closed","sticky":false,"template":"","format":"standard","meta":{"fifu_image_url":"","fifu_image_alt":"","footnotes":""},"categories":[73,82],"tags":[],"class_list":["post-113551","post","type-post","status-publish","format-standard","hentry","category-actualite","category-cameroun"],"_links":{"self":[{"href":"https:\/\/linitiative.ca\/International\/wp-json\/wp\/v2\/posts\/113551","targetHints":{"allow":["GET"]}}],"collection":[{"href":"https:\/\/linitiative.ca\/International\/wp-json\/wp\/v2\/posts"}],"about":[{"href":"https:\/\/linitiative.ca\/International\/wp-json\/wp\/v2\/types\/post"}],"author":[{"embeddable":true,"href":"https:\/\/linitiative.ca\/International\/wp-json\/wp\/v2\/users\/1965"}],"replies":[{"embeddable":true,"href":"https:\/\/linitiative.ca\/International\/wp-json\/wp\/v2\/comments?post=113551"}],"version-history":[{"count":0,"href":"https:\/\/linitiative.ca\/International\/wp-json\/wp\/v2\/posts\/113551\/revisions"}],"wp:attachment":[{"href":"https:\/\/linitiative.ca\/International\/wp-json\/wp\/v2\/media?parent=113551"}],"wp:term":[{"taxonomy":"category","embeddable":true,"href":"https:\/\/linitiative.ca\/International\/wp-json\/wp\/v2\/categories?post=113551"},{"taxonomy":"post_tag","embeddable":true,"href":"https:\/\/linitiative.ca\/International\/wp-json\/wp\/v2\/tags?post=113551"}],"curies":[{"name":"wp","href":"https:\/\/api.w.org\/{rel}","templated":true}]}}