{"id":113552,"date":"2021-03-22T11:18:10","date_gmt":"2021-03-22T15:18:10","guid":{"rendered":"https:\/\/linitiative.ca\/International\/cameroun-joshua-osih-accuse-dans-le-sdf-de-connivence-avec-le-rdpc\/"},"modified":"2021-03-22T11:18:10","modified_gmt":"2021-03-22T15:18:10","slug":"cameroun-joshua-osih-accuse-dans-le-sdf-de-connivence-avec-le-rdpc","status":"publish","type":"post","link":"https:\/\/linitiative.ca\/International\/cameroun-joshua-osih-accuse-dans-le-sdf-de-connivence-avec-le-rdpc\/","title":{"rendered":"Cameroun : Joshua Osih accus\u00e9 dans le SDF de connivence avec le RDPC"},"content":{"rendered":"<div readability=\"32\">\n<p>Publi\u00e9 le 22.03.2021 \u00e0 16h18 par Christian Djimadeu<\/p>\n<\/div>\n<div readability=\"52\">\n<h5 class=\"c8\">Le Comit\u00e9 ex\u00e9cutif r\u00e9gional du SDF dans le Littoral, \u00a0se d\u00e9solidarise de tous les actes et \u00ab\u00a0<em>comportements anti-parti<\/em>\u00a0\u00bb du d\u00e9put\u00e9 Joshua OSIH Nabangui. C\u2019est ce qui ressort de sa r\u00e9union tenue le 21 mars \u00e0 Douala.<\/h5>\n<p class=\"c9\">L\u2019Honorable <strong>Jean Michel Nintcheu<\/strong>, pr\u00e9sident r\u00e9gional du SDF das le Littoral, a pr\u00e9sid\u00e9 une r\u00e9union hier \u00e0 l\u2019effet de constater les \u00ab\u00a0activit\u00e9s anti-parti\u00a0\u00bb de l\u2019Hon. <strong>Joshua OSIH Nabangui<\/strong>, 1er Vice-pr\u00e9sident national.<\/p>\n<p class=\"c9\">Il est reproch\u00e9 au candidat du parti \u00e0 la pr\u00e9sidentielle 2018\u00a0: la signature \u00a0d\u2019une p\u00e9tition des d\u00e9put\u00e9s <strong>RDPC<\/strong>, d\u00e9savou\u00e9e par le <strong>NEC<\/strong>\u00a0; des soup\u00e7ons graves de collusion avec le r\u00e9gime\u00a0; la gestion calamiteuse de la campagne de l\u2019\u00e9lection pr\u00e9sidentielle de 2018 par I\u2019Hon. Joshua OSIH Nabangui assortie d\u2019une lettre de f\u00e9licitation \u00e0 son adversaire candidat du RDPC alors que le parti d\u00e9non\u00e7ait et continue de d\u00e9noncer les fraudes massives qui ont \u00e9maille le processus\u00a0; sa participation \u00e0 la c\u00e9r\u00e9monie de prestation de serment du candidat du RDPC\u00a0; sa r\u00e9bellion contre les r\u00e9solutions du NEC du 13 mars 2021 \u00e0 travers l\u2019organisation d\u2019une campagne m\u00e9diatique pour d\u00e9montrer qu\u2019il a eu raison de signer cette p\u00e9tition en d\u00e9fiance du NEC et au grand m\u00e9pris de la base.<\/p>\n<p class=\"c9\">Par cons\u00e9quent, le Comit\u00e9 ex\u00e9cutif r\u00e9gional du SDF dans le Littoral\u00a0se d\u00e9solidarise de tous les actes et comportements anti-parti ci-dessus \u00e9voqu\u00e9s pos\u00e9s par I\u2019Hon. Joshua OSIH Nabangui. Il constate l\u2019auto exclusion de l\u2019Hon. Joshua OSIH Nabangui du parti conform\u00e9ment aux dispositions de l\u2019article 8.2 des statuts du SDF.<\/p>\n<p class=\"c9\">Le concern\u00e9 n\u2019a pas r\u00e9agi \u00e0 ces accusations comme ce fut le cas r\u00e9cemment lorsqu\u2019il a re\u00e7u des piques de son camarade Jean Michel Nintcheu avec qui les rapports ne sont pas au top.<\/p>\n<\/div>\n<p>Auteur: Christian DJIMADEU<br \/>\n<a href=\"https:\/\/www.journalducameroun.com\/cameroun-joshua-osih-accuse-dans-le-sdf-de-connivence-avec-le-rdpc-cameroun\/\">Cliquez ici pour lire l&rsquo;article depuis sa source.<\/a><\/p>\n","protected":false},"excerpt":{"rendered":"<p>Publi\u00e9 le 22.03.2021 \u00e0 16h18 par Christian Djimadeu Le Comit\u00e9 ex\u00e9cutif r\u00e9gional du SDF dans le Littoral, \u00a0se d\u00e9solidarise de tous les actes et \u00ab\u00a0comportements anti-parti\u00a0\u00bb du d\u00e9put\u00e9 Joshua OSIH Nabangui. C\u2019est ce qui ressort de sa r\u00e9union tenue le 21 mars \u00e0 Douala. L\u2019Honorable Jean Michel Nintcheu, pr\u00e9sident r\u00e9gional du SDF das le Littoral, [&hellip;]<\/p>\n","protected":false},"author":1965,"featured_media":0,"comment_status":"closed","ping_status":"closed","sticky":false,"template":"","format":"standard","meta":{"fifu_image_url":"","fifu_image_alt":"","footnotes":""},"categories":[73,82],"tags":[],"class_list":["post-113552","post","type-post","status-publish","format-standard","hentry","category-actualite","category-cameroun"],"_links":{"self":[{"href":"https:\/\/linitiative.ca\/International\/wp-json\/wp\/v2\/posts\/113552","targetHints":{"allow":["GET"]}}],"collection":[{"href":"https:\/\/linitiative.ca\/International\/wp-json\/wp\/v2\/posts"}],"about":[{"href":"https:\/\/linitiative.ca\/International\/wp-json\/wp\/v2\/types\/post"}],"author":[{"embeddable":true,"href":"https:\/\/linitiative.ca\/International\/wp-json\/wp\/v2\/users\/1965"}],"replies":[{"embeddable":true,"href":"https:\/\/linitiative.ca\/International\/wp-json\/wp\/v2\/comments?post=113552"}],"version-history":[{"count":0,"href":"https:\/\/linitiative.ca\/International\/wp-json\/wp\/v2\/posts\/113552\/revisions"}],"wp:attachment":[{"href":"https:\/\/linitiative.ca\/International\/wp-json\/wp\/v2\/media?parent=113552"}],"wp:term":[{"taxonomy":"category","embeddable":true,"href":"https:\/\/linitiative.ca\/International\/wp-json\/wp\/v2\/categories?post=113552"},{"taxonomy":"post_tag","embeddable":true,"href":"https:\/\/linitiative.ca\/International\/wp-json\/wp\/v2\/tags?post=113552"}],"curies":[{"name":"wp","href":"https:\/\/api.w.org\/{rel}","templated":true}]}}