{"id":113553,"date":"2021-03-22T13:25:36","date_gmt":"2021-03-22T17:25:36","guid":{"rendered":"https:\/\/linitiative.ca\/International\/cameroun-affecte-a-ngaoundere-le-prof-messanga-nyamding-voit-tout-secrouler-devant-lui\/"},"modified":"2021-03-22T13:25:36","modified_gmt":"2021-03-22T17:25:36","slug":"cameroun-affecte-a-ngaoundere-le-prof-messanga-nyamding-voit-tout-secrouler-devant-lui","status":"publish","type":"post","link":"https:\/\/linitiative.ca\/International\/cameroun-affecte-a-ngaoundere-le-prof-messanga-nyamding-voit-tout-secrouler-devant-lui\/","title":{"rendered":"Cameroun : affect\u00e9 \u00e0 Ngaound\u00e9r\u00e9, le prof Messanga Nyamding voit tout s\u2019\u00e9crouler devant lui"},"content":{"rendered":"<div readability=\"32\">\n<p>Publi\u00e9 le 22.03.2021 \u00e0 18h25 par Christian Djimadeu<\/p>\n<\/div>\n<div readability=\"61\">\n<h5>Apr\u00e8s avoir \u00e9t\u00e9 entendu au Secr\u00e9tariat d\u2019Etat \u00e0 la D\u00e9fense, puis relev\u00e9 de ses fonctions de chef du d\u00e9partement coop\u00e9ration et int\u00e9gration \u00e0 l\u2019institut des Relations Internationales du Cameroun (IRIC) de Yaound\u00e9, il est \u00e0 pr\u00e9sent affect\u00e9 dans l\u2019Adamaoua par une nouvelle d\u00e9cision du ministre des Enseignements sup\u00e9rieurs.<\/h5>\n<p><strong>Pascal Charlemagne Messanga Nyamding<\/strong> est mis \u00e0 la disposition de l\u2019Universit\u00e9 de Ngaound\u00e9r\u00e9. Il officiera d\u00e9sormais \u00e0 l\u2019annexe de la facult\u00e9 des sciences juridiques et politiques, suite \u00e0 une d\u00e9cision du ministre des Enseignements sup\u00e9rieurs (<strong>Minesup<\/strong>), sign\u00e9e ce 22 mars 2021.<\/p>\n<p>\u00ab\u00a0<em>La mise \u00e0 disposition vis\u00e9e \u00e0 l\u2019article 1 ci-dessus emporte transfert de l\u2019int\u00e9resse et de son dossier professionnel \u00e0 l\u2019universit\u00e9 de Ngaound\u00e9r\u00e9\u00a0<\/em>\u00bb, indique l\u2019acte d\u2019affectation du professeur <strong>Jacques Fame Ndongo<\/strong>.<\/p>\n<p>Un coup dur pour l\u2019enseignant qui en l\u2019espace de deux semaines voit tout s\u2019\u00e9crouler sous ses pieds.\u00a0 Trois jours avant son affectation, \u00a0le \u00ab\u00a0Biya\u00efste\u00a0\u00bb, d\u00e9fenseur de l\u2019id\u00e9ologie politique du pr\u00e9sident Paul Biya, se voyait relev\u00e9 de ses fonctions de chef du d\u00e9partement coop\u00e9ration et int\u00e9gration \u00e0 l\u2019institut des Relations Internationales du Cameroun (IRIC) de Yaound\u00e9 par le Minesup.<\/p>\n<p>Pr Pascal Charlemagne Messanga Nyamding a r\u00e9cemment \u00e9t\u00e9 auditionn\u00e9 au secr\u00e9tariat d\u2019\u00c9tat \u00e0 la D\u00e9fense charg\u00e9 de la gendarmerie (SED), suite \u00e0 une convocation \u00e9mise par le chef d\u2019escadron Dieudonn\u00e9 Biloa, chef du service central des enqu\u00eates judiciaires \u00e0 la gendarmerie nationale. \u00ab\u2009<em>\u00a0j\u2019ai subi des remontrances tr\u00e8s fortes et pas correctes de la part du ministre secr\u00e9taire g\u00e9n\u00e9ral de la pr\u00e9sidence \u2014 de ce que les interlocuteurs m\u2019ont dit. (\u2026) On m\u2019accuse de propagation de fausses nouvelles<\/em>\u2009\u00bb, d\u00e9clarait l\u2019enseignant sur Equinoxe TV.<\/p>\n<p>Son affectation dans l\u2019Adamadoua pourrait r\u00e9duire son passage dans les m\u00e9dias. Lui dont les interventions dans les m\u00e9dias sont suivies et cr\u00e9e bien souvent des m\u00e9contents dans son parti le <strong>RDPC<\/strong>.<\/p>\n<\/div>\n<p>Auteur: Christian DJIMADEU<br \/>\n<a href=\"https:\/\/www.journalducameroun.com\/cameroun-affecte-a-ngaoundere-le-prof-messanga-nyamding-voit-tout-secrouler-devant-lui\/\">Cliquez ici pour lire l&rsquo;article depuis sa source.<\/a><\/p>\n","protected":false},"excerpt":{"rendered":"<p>Publi\u00e9 le 22.03.2021 \u00e0 18h25 par Christian Djimadeu Apr\u00e8s avoir \u00e9t\u00e9 entendu au Secr\u00e9tariat d\u2019Etat \u00e0 la D\u00e9fense, puis relev\u00e9 de ses fonctions de chef du d\u00e9partement coop\u00e9ration et int\u00e9gration \u00e0 l\u2019institut des Relations Internationales du Cameroun (IRIC) de Yaound\u00e9, il est \u00e0 pr\u00e9sent affect\u00e9 dans l\u2019Adamaoua par une nouvelle d\u00e9cision du ministre des Enseignements [&hellip;]<\/p>\n","protected":false},"author":1965,"featured_media":0,"comment_status":"closed","ping_status":"closed","sticky":false,"template":"","format":"standard","meta":{"fifu_image_url":"","fifu_image_alt":"","footnotes":""},"categories":[73,82],"tags":[],"class_list":["post-113553","post","type-post","status-publish","format-standard","hentry","category-actualite","category-cameroun"],"_links":{"self":[{"href":"https:\/\/linitiative.ca\/International\/wp-json\/wp\/v2\/posts\/113553","targetHints":{"allow":["GET"]}}],"collection":[{"href":"https:\/\/linitiative.ca\/International\/wp-json\/wp\/v2\/posts"}],"about":[{"href":"https:\/\/linitiative.ca\/International\/wp-json\/wp\/v2\/types\/post"}],"author":[{"embeddable":true,"href":"https:\/\/linitiative.ca\/International\/wp-json\/wp\/v2\/users\/1965"}],"replies":[{"embeddable":true,"href":"https:\/\/linitiative.ca\/International\/wp-json\/wp\/v2\/comments?post=113553"}],"version-history":[{"count":0,"href":"https:\/\/linitiative.ca\/International\/wp-json\/wp\/v2\/posts\/113553\/revisions"}],"wp:attachment":[{"href":"https:\/\/linitiative.ca\/International\/wp-json\/wp\/v2\/media?parent=113553"}],"wp:term":[{"taxonomy":"category","embeddable":true,"href":"https:\/\/linitiative.ca\/International\/wp-json\/wp\/v2\/categories?post=113553"},{"taxonomy":"post_tag","embeddable":true,"href":"https:\/\/linitiative.ca\/International\/wp-json\/wp\/v2\/tags?post=113553"}],"curies":[{"name":"wp","href":"https:\/\/api.w.org\/{rel}","templated":true}]}}