{"id":113554,"date":"2021-03-22T13:40:15","date_gmt":"2021-03-22T17:40:15","guid":{"rendered":"https:\/\/linitiative.ca\/International\/cameroun-le-message-de-maurice-kamto-suite-au-deces-de-paul-eric-kingue\/"},"modified":"2021-03-22T13:40:15","modified_gmt":"2021-03-22T17:40:15","slug":"cameroun-le-message-de-maurice-kamto-suite-au-deces-de-paul-eric-kingue","status":"publish","type":"post","link":"https:\/\/linitiative.ca\/International\/cameroun-le-message-de-maurice-kamto-suite-au-deces-de-paul-eric-kingue\/","title":{"rendered":"Cameroun : le message de Maurice Kamto suite au d\u00e9c\u00e8s de Paul Eric Kingu\u00e9"},"content":{"rendered":"<div readability=\"32\">\n<p>Publi\u00e9 le 22.03.2021 \u00e0 18h40 par Journal du Cameroun<\/p>\n<\/div>\n<div readability=\"73\">\n<h5 dir=\"auto\" class=\"c8\">Le pr\u00e9sident du Mouvement pour la renaissance du Cameroun (MRC), rend hommage \u00e0 son directeur de campagne \u00e0 la pr\u00e9sidence de 2018 d\u00e9c\u00e9d\u00e9 ce 22 mars 2021 \u00e0 Douala des suites de maladie.<\/h5>\n<p>\u00a0\u00bb <em>J\u2019ai appris avec consternation la disparition pr\u00e9coce de monsieur Paul \u00c9ric KINGUE, survenue dans la nuit de dimanche 21 \u00e0 lundi 22 mars 2021, \u00e0 Douala des suites de maladie.<\/em><\/p>\n<p><em>Lors de l\u2019\u00e9lection pr\u00e9sidentielle d\u2019octobre 2018, j\u2019avais confi\u00e9 \u00e0 Paul \u00c9ric KINGUE la direction de ma campagne \u00e9lectorale. Dans cette fonction il a fait montre d\u2019une fougue exceptionnelle.<\/em><\/p>\n<p><em>Dans la R\u00e9sistance Nationale que les forces du Changement ont engag\u00e9e au lendemain du hold-up \u00e9lectoral perp\u00e9tr\u00e9 par le pouvoir en place, son engagement pour le changement lui a valu pr\u00e8s de neuf mois de prison arbitraire \u00e0 mes c\u00f4tes.\u00a0<\/em><\/p>\n<p><em>Paul \u00c9ric KINGUE \u00e9tait un homme entier avec une personnalit\u00e9 volcanique. Je le vois encore ruant dans les brancards des membres du Conseil constitutionnel alors que ceux-ci refusaient ostentoirement de respecter la volont\u00e9 du peuple exprim\u00e9e dans les urnes.<\/em><\/p>\n<p><em>Il avait aussi une personnalit\u00e9 impr\u00e9visible, qui s\u2019est manifest\u00e9e de fa\u00e7on spectaculaire apr\u00e8s notre sortie de prison en octobre 2019.<\/em><\/p>\n<p><em>Au total, Paul \u00c9ric KINGUE a \u00e9t\u00e9 un homme passionn\u00e9 qui, avec son temp\u00e9rament,\u00a0 a contribu\u00e9 \u00e0 sa mani\u00e8re \u00e0 la R\u00e9sistance Nationale.<\/em><\/p>\n<p><em>En mon nom propre et au nom des militants et sympathisants du Mouvement pour la Renaissance du Cameroun ( MRC), j\u2019adresse \u00e0 sa famille, aux militants et sympathisants du Mouvement Patriotique pour un Cameroun Nouveau (MPCN) dont il \u00e9tait le Pr\u00e9sident national, et aux populations de Njombe-Pendja mes condol\u00e9ances les plus attrist\u00e9es et l\u2019expression de ma compassion \u00e9mue.\u00a0<\/em><\/p>\n<p><em>J\u00a0\u00bbinvite tous les militants et sympathisants du MRC \u00e0 respecter strictement la m\u00e9moire du d\u00e9funt ainsi que la douleur de sa famille, de ses militants et de ses administr\u00e9s.<\/em><\/p>\n<p><em>Que la terre de nos anc\u00eatres lui soit l\u00e9g\u00e8re !\u00a0\u00bb<\/em><\/p>\n<p><strong>Le Pr\u00e9sident national\u00a0<\/strong><\/p>\n<p><strong>Maurice\u00a0 KAMTO<\/strong><\/p>\n<\/div>\n<p>Auteur: Christian DJIMADEU<br \/>\n<a href=\"https:\/\/www.journalducameroun.com\/385092-2-cameroun\/\">Cliquez ici pour lire l&rsquo;article depuis sa source.<\/a><\/p>\n","protected":false},"excerpt":{"rendered":"<p>Publi\u00e9 le 22.03.2021 \u00e0 18h40 par Journal du Cameroun Le pr\u00e9sident du Mouvement pour la renaissance du Cameroun (MRC), rend hommage \u00e0 son directeur de campagne \u00e0 la pr\u00e9sidence de 2018 d\u00e9c\u00e9d\u00e9 ce 22 mars 2021 \u00e0 Douala des suites de maladie. \u00a0\u00bb J\u2019ai appris avec consternation la disparition pr\u00e9coce de monsieur Paul \u00c9ric KINGUE, [&hellip;]<\/p>\n","protected":false},"author":1965,"featured_media":0,"comment_status":"closed","ping_status":"closed","sticky":false,"template":"","format":"standard","meta":{"fifu_image_url":"","fifu_image_alt":"","footnotes":""},"categories":[73,82],"tags":[],"class_list":["post-113554","post","type-post","status-publish","format-standard","hentry","category-actualite","category-cameroun"],"_links":{"self":[{"href":"https:\/\/linitiative.ca\/International\/wp-json\/wp\/v2\/posts\/113554","targetHints":{"allow":["GET"]}}],"collection":[{"href":"https:\/\/linitiative.ca\/International\/wp-json\/wp\/v2\/posts"}],"about":[{"href":"https:\/\/linitiative.ca\/International\/wp-json\/wp\/v2\/types\/post"}],"author":[{"embeddable":true,"href":"https:\/\/linitiative.ca\/International\/wp-json\/wp\/v2\/users\/1965"}],"replies":[{"embeddable":true,"href":"https:\/\/linitiative.ca\/International\/wp-json\/wp\/v2\/comments?post=113554"}],"version-history":[{"count":0,"href":"https:\/\/linitiative.ca\/International\/wp-json\/wp\/v2\/posts\/113554\/revisions"}],"wp:attachment":[{"href":"https:\/\/linitiative.ca\/International\/wp-json\/wp\/v2\/media?parent=113554"}],"wp:term":[{"taxonomy":"category","embeddable":true,"href":"https:\/\/linitiative.ca\/International\/wp-json\/wp\/v2\/categories?post=113554"},{"taxonomy":"post_tag","embeddable":true,"href":"https:\/\/linitiative.ca\/International\/wp-json\/wp\/v2\/tags?post=113554"}],"curies":[{"name":"wp","href":"https:\/\/api.w.org\/{rel}","templated":true}]}}