{"id":113556,"date":"2021-03-22T12:39:53","date_gmt":"2021-03-22T16:39:53","guid":{"rendered":"https:\/\/linitiative.ca\/International\/assemblee-nationale-ludc-plaide-pour-une-modification-du-reglement-interieur\/"},"modified":"2021-03-22T12:39:53","modified_gmt":"2021-03-22T16:39:53","slug":"assemblee-nationale-ludc-plaide-pour-une-modification-du-reglement-interieur","status":"publish","type":"post","link":"https:\/\/linitiative.ca\/International\/assemblee-nationale-ludc-plaide-pour-une-modification-du-reglement-interieur\/","title":{"rendered":"Assembl\u00e9e nationale: l\u2019UDC plaide pour une modification du R\u00e8glement int\u00e9rieur"},"content":{"rendered":"<div class=\"featured-area featured-area-inner\">\n<figure class=\"single-featured-image\">\n<p><img loading=\"lazy\" decoding=\"async\" width=\"780\" height=\"470\" src=\"https:\/\/ecomatin.net\/wp-content\/uploads\/2021\/03\/Koupit-Adamou-780x470.jpg\" class=\"attachment-jannah-image-post size-jannah-image-post wp-post-image\" alt=\"\" is_main_img=\"1\" srcset=\"https:\/\/ecomatin.net\/wp-content\/uploads\/2021\/03\/Koupit-Adamou.jpg 780w, https:\/\/ecomatin.net\/wp-content\/uploads\/2021\/03\/Koupit-Adamou-300x181.jpg 300w, https:\/\/ecomatin.net\/wp-content\/uploads\/2021\/03\/Koupit-Adamou-768x463.jpg 768w\" sizes=\"auto, (max-width: 780px) 100vw, 780px\"\/><\/p>\n<\/figure>\n<\/div>\n<div class=\"entry-content entry clearfix\" readability=\"59\">\n<p>La reconduction de Cavaye Yeguie Djibril au poste de pr\u00e9sident de la Chambre Basse du Parlement a laiss\u00e9un go\u00fbt amer \u00e0 certains d<strong>\u00e9<\/strong>put<strong>\u00e9<\/strong>s. Au nombre de ceux-ci, les parlementaires de l\u2019Union d\u00e9mocratique du Cameroun (Udc). Ces derniers s\u2019offusquent notamment du d\u00e9roulement des \u00e9lections au sein de l\u2019Assembl\u00e9e nationale.\u00a0\u00ab\u00a0On a l\u2019habitude du fonctionnement du Parlement. On sait que ceux qui sont \u00e9lus \u00e0 l\u2019entame du mandat restent en poste. Donc ce n\u2019est pas une surprise pour nous de voir que le Tr\u00e8s honorable Cavaye Yeguie Djibril et toute l\u2019\u00e9quipe qui a \u00e9t\u00e9 \u00e9lue au cours de la session de plein droit ont \u00e9t\u00e9 reconduits. Mais on ne devrait pas continuer \u00e0 \u00e9voluer sans tenir compte des enjeux et du niveau m\u00eame de compr\u00e9hension du fonctionnement de notre Parlement par la Nation\u00a0\u00bb\u00a0d\u00e9clare le d\u00e9put\u00e9 Koupit Adamou, membre du Bureau politique de l\u2019Udc.<\/p>\n<p>Selon ces parlementaires, le candidat \u00e0 la pr\u00e9sidence de la Chambre Basse du Parlement devrait pr\u00e9senter un programme contenu dans une profession de foi.\u00a0\u00a0\u00ab\u00a0M\u00eame quand on veut reconduire des gens le minimum d\u2019exigence consisterait \u00e0 ce\u00a0\u00a0qu\u2019il pr\u00e9sente \u00e0 l\u2019\u00e9lectorat sa profession de foi. Nous ne comprenons pas pourquoi chaque fois c\u2019est automatique. Lorsque le Comit\u00e9 Central a d\u00e9cid\u00e9, on vient pr\u00e9senter les candidats et ils sont \u00e9lus.\u00a0\u00a0Sans m\u00eame en une seule minute pr\u00e9senter ce qu\u2019ils entendent faire\u00a0\u00bb.<\/p>\n<p><strong>Modification du R\u00e8glement int\u00e9rieur<\/strong><\/p>\n<p>L\u2019Union d\u00e9mocratique du Cameroun \u00e0 l\u2019Assembl\u00e9e nationale entend d\u00e8s lors demander une modification du R\u00e8glement int\u00e9rieur de l\u2019Institution.\u00a0\u00a0Une d\u00e9marche pr\u00e9vue par ladite loi.\u00a0\u00a0Toutefois, l\u2019Udc, en l\u2019\u00e9tat actuel ne remplit pas les conditions exig\u00e9es. En effet, l\u2019article 123 (1) dispose qu\u2019 \u00ab\u00a0en d\u00e9but de l\u00e9gislature, le pr\u00e9sent R\u00e8glement int\u00e9rieur ne peut \u00eatre soumis \u00e0 modification que si la proposition en est faite par au moins seize (16) d\u00e9put\u00e9s<strong>.<\/strong>\u00a0\u00bb Avec ses 4 parlementaires, les projets de la formation politique ne pourraient prosp\u00e9rer.\u00a0\u00a0Cependant, si l\u2019Udc parvient \u00e0 rallier \u00e0 sa cause, les\u00a016 d\u00e9put\u00e9s\u00a0des partis de l\u2019opposition repr\u00e9sent\u00e9s A l\u2019Assembl\u00e9e nationale, la proposition de modification pourrait \u00eatre d\u00e9pos\u00e9e. Elle devra plus tard se heurter \u00e0 la majorit\u00e9 du Rassemblement d\u00e9mocratique du peuple camerounais (Rdpc).<\/p>\n<\/div>\n<p>Auteur: EcoMatin<br \/>\n<a href=\"https:\/\/ecomatin.net\/assemblee-nationale-ludc-plaide-pour-une-modification-du-reglement-interieur\/\">Cliquez ici pour lire l&rsquo;article depuis sa source.<\/a><\/p>\n","protected":false},"excerpt":{"rendered":"<p>La reconduction de Cavaye Yeguie Djibril au poste de pr\u00e9sident de la Chambre Basse du Parlement a laiss\u00e9un go\u00fbt amer \u00e0 certains d\u00e9put\u00e9s. Au nombre de ceux-ci, les parlementaires de l\u2019Union d\u00e9mocratique du Cameroun (Udc). Ces derniers s\u2019offusquent notamment du d\u00e9roulement des \u00e9lections au sein de l\u2019Assembl\u00e9e nationale.\u00a0\u00ab\u00a0On a l\u2019habitude du fonctionnement du Parlement. On [&hellip;]<\/p>\n","protected":false},"author":1969,"featured_media":0,"comment_status":"closed","ping_status":"closed","sticky":false,"template":"","format":"standard","meta":{"fifu_image_url":"https:\/\/ecomatin.net\/wp-content\/uploads\/2021\/03\/Koupit-Adamou-780x470.jpg","fifu_image_alt":"Assembl\u00e9e nationale: l\u2019UDC plaide pour une modification du R\u00e8glement int\u00e9rieur","footnotes":""},"categories":[82,78],"tags":[],"class_list":["post-113556","post","type-post","status-publish","format-standard","hentry","category-cameroun","category-economie"],"_links":{"self":[{"href":"https:\/\/linitiative.ca\/International\/wp-json\/wp\/v2\/posts\/113556","targetHints":{"allow":["GET"]}}],"collection":[{"href":"https:\/\/linitiative.ca\/International\/wp-json\/wp\/v2\/posts"}],"about":[{"href":"https:\/\/linitiative.ca\/International\/wp-json\/wp\/v2\/types\/post"}],"author":[{"embeddable":true,"href":"https:\/\/linitiative.ca\/International\/wp-json\/wp\/v2\/users\/1969"}],"replies":[{"embeddable":true,"href":"https:\/\/linitiative.ca\/International\/wp-json\/wp\/v2\/comments?post=113556"}],"version-history":[{"count":0,"href":"https:\/\/linitiative.ca\/International\/wp-json\/wp\/v2\/posts\/113556\/revisions"}],"wp:attachment":[{"href":"https:\/\/linitiative.ca\/International\/wp-json\/wp\/v2\/media?parent=113556"}],"wp:term":[{"taxonomy":"category","embeddable":true,"href":"https:\/\/linitiative.ca\/International\/wp-json\/wp\/v2\/categories?post=113556"},{"taxonomy":"post_tag","embeddable":true,"href":"https:\/\/linitiative.ca\/International\/wp-json\/wp\/v2\/tags?post=113556"}],"curies":[{"name":"wp","href":"https:\/\/api.w.org\/{rel}","templated":true}]}}