{"id":113559,"date":"2021-03-22T13:23:32","date_gmt":"2021-03-22T17:23:32","guid":{"rendered":"https:\/\/linitiative.ca\/International\/le-siege-de-ecomatin-reprend-des-couleurs\/"},"modified":"2021-03-22T13:23:32","modified_gmt":"2021-03-22T17:23:32","slug":"le-siege-de-ecomatin-reprend-des-couleurs","status":"publish","type":"post","link":"https:\/\/linitiative.ca\/International\/le-siege-de-ecomatin-reprend-des-couleurs\/","title":{"rendered":"Le si\u00e8ge de EcoMatin reprend des couleurs"},"content":{"rendered":"<div class=\"featured-area featured-area-inner\">\n<figure class=\"single-featured-image\">\n<p><img loading=\"lazy\" decoding=\"async\" width=\"780\" height=\"470\" src=\"https:\/\/ecomatin.net\/wp-content\/uploads\/2021\/03\/20210322_181148-780x470.jpg\" class=\"attachment-jannah-image-post size-jannah-image-post wp-post-image\" alt=\"\" is_main_img=\"1\"\/><\/p>\n<\/figure>\n<\/div>\n<div class=\"entry-content entry clearfix\" readability=\"41\">\n<p>Depuis ce\u00a0lundi\u00a022 mars, le si\u00e8ge du journal\u00a0EcoMatin\u00a0rev\u00eat de nouveaux v\u00eatements.\u00a0Les locaux ont \u00e9t\u00e9 r\u00e9nov\u00e9s, les murs ont \u00e9t\u00e9 peints aux couleurs du journal, de nouveaux \u00e9quipements ont \u00e9t\u00e9 acquis. Le tout dans l\u2019optique d\u2019am\u00e9liorer le cadre de travail du personnel et par ricochet, la qualit\u00e9\u00a0des\u00a0contenus.\u00a0Situ\u00e9 \u00e0 Yaound\u00e9 Rue\u00a0Ceper, entr\u00e9e Nord du Parc\u00a0Kyriakyd\u00e8s, le si\u00e8ge du journal est ouvert pour accueillir dans un cadre des plus convivial nos partenaires et lecteurs.<\/p>\n<\/div>\n<p>Auteur: EcoMatin<br \/>\n<a href=\"https:\/\/ecomatin.net\/le-siege-de-ecomatin-reprend-des-couleurs\/\">Cliquez ici pour lire l&rsquo;article depuis sa source.<\/a><\/p>\n","protected":false},"excerpt":{"rendered":"<p>Depuis ce\u00a0lundi\u00a022 mars, le si\u00e8ge du journal\u00a0EcoMatin\u00a0rev\u00eat de nouveaux v\u00eatements.\u00a0Les locaux ont \u00e9t\u00e9 r\u00e9nov\u00e9s, les murs ont \u00e9t\u00e9 peints aux couleurs du journal, de nouveaux \u00e9quipements ont \u00e9t\u00e9 acquis. Le tout dans l\u2019optique d\u2019am\u00e9liorer le cadre de travail du personnel et par ricochet, la qualit\u00e9\u00a0des\u00a0contenus.\u00a0Situ\u00e9 \u00e0 Yaound\u00e9 Rue\u00a0Ceper, entr\u00e9e Nord du Parc\u00a0Kyriakyd\u00e8s, le si\u00e8ge du [&hellip;]<\/p>\n","protected":false},"author":1969,"featured_media":0,"comment_status":"closed","ping_status":"closed","sticky":false,"template":"","format":"standard","meta":{"fifu_image_url":"https:\/\/ecomatin.net\/wp-content\/uploads\/2021\/03\/20210322_181148-780x470.jpg","fifu_image_alt":"Le si\u00e8ge de EcoMatin reprend des couleurs","footnotes":""},"categories":[82,78],"tags":[],"class_list":["post-113559","post","type-post","status-publish","format-standard","hentry","category-cameroun","category-economie"],"_links":{"self":[{"href":"https:\/\/linitiative.ca\/International\/wp-json\/wp\/v2\/posts\/113559","targetHints":{"allow":["GET"]}}],"collection":[{"href":"https:\/\/linitiative.ca\/International\/wp-json\/wp\/v2\/posts"}],"about":[{"href":"https:\/\/linitiative.ca\/International\/wp-json\/wp\/v2\/types\/post"}],"author":[{"embeddable":true,"href":"https:\/\/linitiative.ca\/International\/wp-json\/wp\/v2\/users\/1969"}],"replies":[{"embeddable":true,"href":"https:\/\/linitiative.ca\/International\/wp-json\/wp\/v2\/comments?post=113559"}],"version-history":[{"count":0,"href":"https:\/\/linitiative.ca\/International\/wp-json\/wp\/v2\/posts\/113559\/revisions"}],"wp:attachment":[{"href":"https:\/\/linitiative.ca\/International\/wp-json\/wp\/v2\/media?parent=113559"}],"wp:term":[{"taxonomy":"category","embeddable":true,"href":"https:\/\/linitiative.ca\/International\/wp-json\/wp\/v2\/categories?post=113559"},{"taxonomy":"post_tag","embeddable":true,"href":"https:\/\/linitiative.ca\/International\/wp-json\/wp\/v2\/tags?post=113559"}],"curies":[{"name":"wp","href":"https:\/\/api.w.org\/{rel}","templated":true}]}}