{"id":113560,"date":"2021-03-23T09:32:01","date_gmt":"2021-03-23T13:32:01","guid":{"rendered":"https:\/\/linitiative.ca\/International\/inegalite-des-sexes-le-covid-19-a-accentue-le-phenomene\/"},"modified":"2021-03-23T09:32:01","modified_gmt":"2021-03-23T13:32:01","slug":"inegalite-des-sexes-le-covid-19-a-accentue-le-phenomene","status":"publish","type":"post","link":"https:\/\/linitiative.ca\/International\/inegalite-des-sexes-le-covid-19-a-accentue-le-phenomene\/","title":{"rendered":"In\u00e9galit\u00e9 des sexes :  Le Covid-19 a accentu\u00e9 le ph\u00e9nom\u00e8ne"},"content":{"rendered":"<header>\n<\/header>\n<div class=\"entry-content clearfix\" readability=\"46\">\n<figure class=\"post-thumbnail\" itemprop=\"associatedMedia\" itemscope=\"itemscope\" itemtype=\"http:\/\/schema.org\/ImageObject\"><img decoding=\"async\" class=\"post_layout_5_img\" src=\"http:\/\/aujourdhui.ma\/wp-content\/uploads\/2021\/03\/coronavirus-desenmascara.jpg\" alt=\"In\u00e9galit\u00e9 des sexes : Le Covid-19 a accentu\u00e9 le ph\u00e9nom\u00e8ne\"\/><\/figure>\n<p><span class=\"c5\"><strong>Avec la crise socio-\u00e9conomique due au Covid 19, les r\u00e9formes devant favoriser l\u2019inclusion \u00e9conomique des femmes ont connu un ralentissement dans de nombreuses r\u00e9gions, d\u2019apr\u00e8s l\u2019\u00e9dition 2021 du rapport Les Femmes, l\u2019Entreprise et le Droit.<\/strong><\/span><span id=\"more-371787\"\/><\/p>\n<p>C\u2019est un fait : les femmes ne jouissent que des trois quarts des droits qui sont reconnus aux hommes. Et c\u2019est bien \u00e0 cet \u00e9gard que David Malpass, pr\u00e9sident du Groupe de la Banque mondiale a d\u00e9clar\u00e9 que \u00ables femmes doivent \u00eatre pleinement incluses au sein des \u00e9conomies afin d\u2019obtenir de meilleurs r\u00e9sultats en mati\u00e8re de d\u00e9veloppement\u00bb. Le rapport Les Femmes, l\u2019Entreprise et le Droit 2021 \u00e9value les lois et r\u00e9glementations dans 8 domaines qui affectent les opportunit\u00e9s \u00e9conomiques des femmes dans 190 pays, couvrant la p\u00e9riode de septembre 2019 \u00e0 octobre 2020. Il en ressort que malgr\u00e9 l\u2019instauration de cong\u00e9 ou des prestations sociales pour aider les parents lors de la fermeture des \u00e9coles dans pr\u00e8s de 40 pays \u00e0 travers le monde, ces mesures n\u2019ont pas \u00e9t\u00e9 suffisantes aux femmes qui travaillent. Il reste encore beaucoup \u00e0 faire\u2026<\/p>\n<\/div>\n<p>Auteur: ALM<br \/>\n<a href=\"https:\/\/aujourdhui.ma\/societe\/inegalite-des-sexes-le-covid-19-a-accentue-le-phenomene\">Cliquez ici pour lire l&rsquo;article depuis sa source.<\/a><\/p>\n","protected":false},"excerpt":{"rendered":"<p>Avec la crise socio-\u00e9conomique due au Covid 19, les r\u00e9formes devant favoriser l\u2019inclusion \u00e9conomique des femmes ont connu un ralentissement dans de nombreuses r\u00e9gions, d\u2019apr\u00e8s l\u2019\u00e9dition 2021 du rapport Les Femmes, l\u2019Entreprise et le Droit. C\u2019est un fait : les femmes ne jouissent que des trois quarts des droits qui sont reconnus aux hommes. Et [&hellip;]<\/p>\n","protected":false},"author":1759,"featured_media":0,"comment_status":"closed","ping_status":"closed","sticky":false,"template":"","format":"standard","meta":{"fifu_image_url":"http:\/\/aujourdhui.ma\/wp-content\/uploads\/2021\/03\/coronavirus-desenmascara.jpg","fifu_image_alt":"In\u00e9galit\u00e9 des sexes :  Le Covid-19 a accentu\u00e9 le ph\u00e9nom\u00e8ne","footnotes":""},"categories":[73,54],"tags":[],"class_list":["post-113560","post","type-post","status-publish","format-standard","hentry","category-actualite","category-maroc"],"_links":{"self":[{"href":"https:\/\/linitiative.ca\/International\/wp-json\/wp\/v2\/posts\/113560","targetHints":{"allow":["GET"]}}],"collection":[{"href":"https:\/\/linitiative.ca\/International\/wp-json\/wp\/v2\/posts"}],"about":[{"href":"https:\/\/linitiative.ca\/International\/wp-json\/wp\/v2\/types\/post"}],"author":[{"embeddable":true,"href":"https:\/\/linitiative.ca\/International\/wp-json\/wp\/v2\/users\/1759"}],"replies":[{"embeddable":true,"href":"https:\/\/linitiative.ca\/International\/wp-json\/wp\/v2\/comments?post=113560"}],"version-history":[{"count":0,"href":"https:\/\/linitiative.ca\/International\/wp-json\/wp\/v2\/posts\/113560\/revisions"}],"wp:attachment":[{"href":"https:\/\/linitiative.ca\/International\/wp-json\/wp\/v2\/media?parent=113560"}],"wp:term":[{"taxonomy":"category","embeddable":true,"href":"https:\/\/linitiative.ca\/International\/wp-json\/wp\/v2\/categories?post=113560"},{"taxonomy":"post_tag","embeddable":true,"href":"https:\/\/linitiative.ca\/International\/wp-json\/wp\/v2\/tags?post=113560"}],"curies":[{"name":"wp","href":"https:\/\/api.w.org\/{rel}","templated":true}]}}