{"id":113561,"date":"2021-03-23T09:46:47","date_gmt":"2021-03-23T13:46:47","guid":{"rendered":"https:\/\/linitiative.ca\/International\/conseil-dadministration-de-la-mgpap-voici-les-principales-mesures-adoptees\/"},"modified":"2021-03-23T09:46:47","modified_gmt":"2021-03-23T13:46:47","slug":"conseil-dadministration-de-la-mgpap-voici-les-principales-mesures-adoptees","status":"publish","type":"post","link":"https:\/\/linitiative.ca\/International\/conseil-dadministration-de-la-mgpap-voici-les-principales-mesures-adoptees\/","title":{"rendered":"Conseil d\u2019administration de la MGPAP : Voici les principales mesures adopt\u00e9es"},"content":{"rendered":"<header>\n<\/header>\n<div class=\"entry-content clearfix\" readability=\"68\">\n<figure class=\"post-thumbnail\" itemprop=\"associatedMedia\" itemscope=\"itemscope\" itemtype=\"http:\/\/schema.org\/ImageObject\"><img decoding=\"async\" class=\"post_layout_5_img\" src=\"http:\/\/aujourdhui.ma\/wp-content\/uploads\/2019\/10\/MGPAP.jpg\" alt=\"Conseil d\u2019administration de la MGPAP : Voici les principales mesures adopt\u00e9es\"\/><\/figure>\n<p><span class=\"c5\"><strong>La Mutuelle g\u00e9n\u00e9rale du personnel des administrations publiques (MGPAP) a fait part lors de son conseil d\u2019administration, r\u00e9uni dimanche 21 mars, de son engagement en faveur de la mise en \u0153uvre du chantier royal de g\u00e9n\u00e9ralisation de la protection sociale.<\/strong><\/span><span id=\"more-371800\"\/><\/p>\n<p>Cette premi\u00e8re session du conseil s\u2019est tenue sous le th\u00e8me \u00abQualifier, am\u00e9liorer, diversifier et rapprocher les services de la Mutuelle g\u00e9n\u00e9rale aux adh\u00e9rents: un pari et un d\u00e9fi\u00bb. Le conseil entend adopter une nouvelle identit\u00e9 visuelle et \u00e0 renforcer le r\u00f4le de la MGPAP sur la sc\u00e8ne africaine, \u00e0 travers l\u2019Union africaine de la mutualit\u00e9 (UAM). Dans le cadre de la r\u00e9gionalisation avanc\u00e9e, la Mutuelle g\u00e9n\u00e9rale s\u2019est align\u00e9e officiellement au d\u00e9coupage administratif du Royaume.<\/p>\n<p>Par ailleurs, le CA a adopt\u00e9 \u00e0 l\u2019unanimit\u00e9 son plan strat\u00e9gique quinquennal 2021-2025 et son budget 2021, ainsi que 13 autres points sur 38 inscrits \u00e0 l\u2019ordre du jour. Les actions seront focalis\u00e9es sur la promotion de ses services, la valorisation de ses ressources humaines, en adoptant la politique de la r\u00e9gionalisation et de proximit\u00e9, tout en renfor\u00e7ant la communication interne et externe et en consacrant une gouvernance en gestion financi\u00e8re et administrative afin de pr\u00e9server les int\u00e9r\u00eats de l\u2019\u00e9tablissement et ses adh\u00e9rents. La MGAPP s\u2019est aussi engag\u00e9e \u00e0 renforcer le traitement des dossiers de maladies. A ce sujet, Moulay Brahim El Othmani, pr\u00e9sident du conseil d\u2019administration de la MGPAP, a indiqu\u00e9 : \u00ab80% des dossiers de maladies seront trait\u00e9s sur place au niveau territorial de toutes les r\u00e9gions et provinces du Royaume, et seulement le r\u00e8glement (paiement) sera trait\u00e9 au niveau central, et ce pour \u00e9viter prochainement la perte des dossiers\u00bb.<\/p>\n<p>Sur le plan m\u00e9dical, des unit\u00e9s m\u00e9dico-sociales, notamment les prestations li\u00e9es aux soins dentaires, seront cr\u00e9\u00e9es dans toutes les provinces du Royaume, outre la mise en place d\u2019unit\u00e9s m\u00e9dicales de diagnostic \u00e0 travers des contrats avec des m\u00e9decins sp\u00e9cialis\u00e9s.<\/p>\n<\/div>\n<p>Auteur: ALM<br \/>\n<a href=\"https:\/\/aujourdhui.ma\/societe\/conseil-dadministration-de-la-mgpap-voici-les-principales-mesures-adoptees\">Cliquez ici pour lire l&rsquo;article depuis sa source.<\/a><\/p>\n","protected":false},"excerpt":{"rendered":"<p>La Mutuelle g\u00e9n\u00e9rale du personnel des administrations publiques (MGPAP) a fait part lors de son conseil d\u2019administration, r\u00e9uni dimanche 21 mars, de son engagement en faveur de la mise en \u0153uvre du chantier royal de g\u00e9n\u00e9ralisation de la protection sociale. Cette premi\u00e8re session du conseil s\u2019est tenue sous le th\u00e8me \u00abQualifier, am\u00e9liorer, diversifier et rapprocher [&hellip;]<\/p>\n","protected":false},"author":1759,"featured_media":0,"comment_status":"closed","ping_status":"closed","sticky":false,"template":"","format":"standard","meta":{"fifu_image_url":"http:\/\/aujourdhui.ma\/wp-content\/uploads\/2019\/10\/MGPAP.jpg","fifu_image_alt":"Conseil d\u2019administration de la MGPAP : Voici les principales mesures adopt\u00e9es","footnotes":""},"categories":[73,54],"tags":[],"class_list":["post-113561","post","type-post","status-publish","format-standard","hentry","category-actualite","category-maroc"],"_links":{"self":[{"href":"https:\/\/linitiative.ca\/International\/wp-json\/wp\/v2\/posts\/113561","targetHints":{"allow":["GET"]}}],"collection":[{"href":"https:\/\/linitiative.ca\/International\/wp-json\/wp\/v2\/posts"}],"about":[{"href":"https:\/\/linitiative.ca\/International\/wp-json\/wp\/v2\/types\/post"}],"author":[{"embeddable":true,"href":"https:\/\/linitiative.ca\/International\/wp-json\/wp\/v2\/users\/1759"}],"replies":[{"embeddable":true,"href":"https:\/\/linitiative.ca\/International\/wp-json\/wp\/v2\/comments?post=113561"}],"version-history":[{"count":0,"href":"https:\/\/linitiative.ca\/International\/wp-json\/wp\/v2\/posts\/113561\/revisions"}],"wp:attachment":[{"href":"https:\/\/linitiative.ca\/International\/wp-json\/wp\/v2\/media?parent=113561"}],"wp:term":[{"taxonomy":"category","embeddable":true,"href":"https:\/\/linitiative.ca\/International\/wp-json\/wp\/v2\/categories?post=113561"},{"taxonomy":"post_tag","embeddable":true,"href":"https:\/\/linitiative.ca\/International\/wp-json\/wp\/v2\/tags?post=113561"}],"curies":[{"name":"wp","href":"https:\/\/api.w.org\/{rel}","templated":true}]}}