{"id":113562,"date":"2021-03-23T10:00:38","date_gmt":"2021-03-23T14:00:38","guid":{"rendered":"https:\/\/linitiative.ca\/International\/journee-de-la-francophonie-un-programme-varie-et-regional-pour-celebrer-levenement\/"},"modified":"2021-03-23T10:00:38","modified_gmt":"2021-03-23T14:00:38","slug":"journee-de-la-francophonie-un-programme-varie-et-regional-pour-celebrer-levenement","status":"publish","type":"post","link":"https:\/\/linitiative.ca\/International\/journee-de-la-francophonie-un-programme-varie-et-regional-pour-celebrer-levenement\/","title":{"rendered":"Journ\u00e9e de la francophonie : Un programme vari\u00e9 et r\u00e9gional pour c\u00e9l\u00e9brer l\u2019\u00e9v\u00e9nement"},"content":{"rendered":"<header>\n<\/header>\n<div class=\"entry-content clearfix\" readability=\"67\">\n<figure class=\"post-thumbnail\" itemprop=\"associatedMedia\" itemscope=\"itemscope\" itemtype=\"http:\/\/schema.org\/ImageObject\"><img decoding=\"async\" class=\"post_layout_5_img\" src=\"http:\/\/aujourdhui.ma\/wp-content\/uploads\/2021\/03\/FFrancophonie2020-FB-Cover.jpg\" alt=\"Journ\u00e9e de la francophonie : Un programme vari\u00e9 et r\u00e9gional pour c\u00e9l\u00e9brer l\u2019\u00e9v\u00e9nement\"\/><\/figure>\n<p><span class=\"c5\"><strong>L\u2019agence universitaire de la francophonie vient de c\u00e9l\u00e9brer la f\u00eate de la francophonie samedi dernier. Organis\u00e9 en partenariat avec la fondation Hiba, l\u2019\u00e9v\u00e9nement a \u00e9t\u00e9 plac\u00e9 autour d\u2019une table ronde traitant des sp\u00e9cificit\u00e9s de l\u2019entrepreneuriat.<\/strong><\/span><span id=\"more-371790\"\/><\/p>\n<p>L\u2019AUF Maghreb a c\u00e9l\u00e9br\u00e9 la f\u00eate de la Francophonie samedi 20 mars et a organis\u00e9, en partenariat avec la Fondation HIBA, une table ronde sous le th\u00e8me : \u00abLes sp\u00e9cificit\u00e9s de l\u2019entrepreneuriat dans les industries culturelles et cr\u00e9atives : quelles cr\u00e9ations de valeurs ? Enjeux pour la Francophonie scientifique et soci\u00e9tale\u00bb. Il s\u2019agira en fait de c\u00e9l\u00e9brer la francophonie dans la diversit\u00e9 de ses engagements et expressions. Jeunesse, employabilit\u00e9 et enjeux du genre sont autant de points mis en exergue\u2026<br \/>Le panel des repr\u00e9sentants officiels en dit long sur l\u2019importance de la manifestation. Tenue au sein du minist\u00e8re des affaires \u00e9trang\u00e8res, Nadia El Hnot, repr\u00e9sentante personnelle du chef de gouvernement, directrice de la coop\u00e9ration et de l\u2019action culturelle, SE H\u00e9l\u00e8ne Le Gal, ambassadrice de France au Maroc, SE Ibrahim El Khalil Seck, ambassadeur du S\u00e9n\u00e9gal, Danielle Pailler, directrice r\u00e9gionale de l\u2019AUF Maghreb ont en effet \u00e9t\u00e9 convi\u00e9s \u00e0 la c\u00e9r\u00e9monie d\u2019inauguration.<br \/>En marge, une table ronde sur les sp\u00e9cificit\u00e9s de l\u2019entrepreneuriat dans les industries culturelles et cr\u00e9atives a \u00e9t\u00e9 anim\u00e9e par la directrice r\u00e9gionale de l\u2019AUF Maghreb au caf\u00e9 de la Renaissance \u00e0 Rabat.<br \/>La 7\u00e8me \u00e9dition du prix de la lecture juridique francophone a \u00e9t\u00e9 au menu aussi dans le cadre de l\u2019\u00e9v\u00e9nement. En partenariat avec le minist\u00e8re des affaires \u00e9trang\u00e8res, de la coop\u00e9ration africaine et des Marocains r\u00e9sidant \u00e0 l\u2019\u00e9tranger, l\u2019Universit\u00e9 Mohammed V, la Facult\u00e9 des sciences juridiques, \u00e9conomiques et sociales Agdal, les ambassades francophones accr\u00e9dit\u00e9es \u00e0 Rabat, le Bureau Maghreb de l\u2019Agence universitaire de la francophonie, l\u2019Institut juridique marocain pr\u00e9sid\u00e9 par le Pr Farid El Bacha, doyen de la Facult\u00e9 des sciences juridiques, \u00e9conomiques et sociales Agdal a organis\u00e9 parall\u00e8lement une conf\u00e9rence sur le th\u00e8me de la question migratoire.<br \/>Le festival du cin\u00e9ma qu\u00e9b\u00e9cois au Maghreb se tiendra, par ailleurs, du 24 au 27 avril. Et c\u2019est \u00e0 Mekn\u00e8s, \u00e0 la Facult\u00e9 des sciences juridiques, \u00e9conomiques et sociales, que le colloque international sur le th\u00e8me \u00abLa francophonie : levier de la coop\u00e9ration Sud-Sud durable et \u00e9quitable. Les organisateurs ont eu la volont\u00e9 de diversifier les actions. Louable.<\/p>\n<\/div>\n<p>Auteur: Dounia Essabban<br \/>\n<a href=\"https:\/\/aujourdhui.ma\/actualite\/journee-de-la-francophonie-un-programme-varie-et-regional-pour-celebrer-levenement\">Cliquez ici pour lire l&rsquo;article depuis sa source.<\/a><\/p>\n","protected":false},"excerpt":{"rendered":"<p>L\u2019agence universitaire de la francophonie vient de c\u00e9l\u00e9brer la f\u00eate de la francophonie samedi dernier. Organis\u00e9 en partenariat avec la fondation Hiba, l\u2019\u00e9v\u00e9nement a \u00e9t\u00e9 plac\u00e9 autour d\u2019une table ronde traitant des sp\u00e9cificit\u00e9s de l\u2019entrepreneuriat. L\u2019AUF Maghreb a c\u00e9l\u00e9br\u00e9 la f\u00eate de la Francophonie samedi 20 mars et a organis\u00e9, en partenariat avec la Fondation [&hellip;]<\/p>\n","protected":false},"author":1759,"featured_media":0,"comment_status":"closed","ping_status":"closed","sticky":false,"template":"","format":"standard","meta":{"fifu_image_url":"http:\/\/aujourdhui.ma\/wp-content\/uploads\/2021\/03\/FFrancophonie2020-FB-Cover.jpg","fifu_image_alt":"Journ\u00e9e de la francophonie : Un programme vari\u00e9 et r\u00e9gional pour c\u00e9l\u00e9brer l\u2019\u00e9v\u00e9nement","footnotes":""},"categories":[73,54],"tags":[],"class_list":["post-113562","post","type-post","status-publish","format-standard","hentry","category-actualite","category-maroc"],"_links":{"self":[{"href":"https:\/\/linitiative.ca\/International\/wp-json\/wp\/v2\/posts\/113562","targetHints":{"allow":["GET"]}}],"collection":[{"href":"https:\/\/linitiative.ca\/International\/wp-json\/wp\/v2\/posts"}],"about":[{"href":"https:\/\/linitiative.ca\/International\/wp-json\/wp\/v2\/types\/post"}],"author":[{"embeddable":true,"href":"https:\/\/linitiative.ca\/International\/wp-json\/wp\/v2\/users\/1759"}],"replies":[{"embeddable":true,"href":"https:\/\/linitiative.ca\/International\/wp-json\/wp\/v2\/comments?post=113562"}],"version-history":[{"count":0,"href":"https:\/\/linitiative.ca\/International\/wp-json\/wp\/v2\/posts\/113562\/revisions"}],"wp:attachment":[{"href":"https:\/\/linitiative.ca\/International\/wp-json\/wp\/v2\/media?parent=113562"}],"wp:term":[{"taxonomy":"category","embeddable":true,"href":"https:\/\/linitiative.ca\/International\/wp-json\/wp\/v2\/categories?post=113562"},{"taxonomy":"post_tag","embeddable":true,"href":"https:\/\/linitiative.ca\/International\/wp-json\/wp\/v2\/tags?post=113562"}],"curies":[{"name":"wp","href":"https:\/\/api.w.org\/{rel}","templated":true}]}}