{"id":113563,"date":"2021-03-23T10:15:32","date_gmt":"2021-03-23T14:15:32","guid":{"rendered":"https:\/\/linitiative.ca\/International\/al-akhawayn-milite-pour-lequite-et-legalite-des-chances-en-faveur-des-femmes\/"},"modified":"2021-03-23T10:15:32","modified_gmt":"2021-03-23T14:15:32","slug":"al-akhawayn-milite-pour-lequite-et-legalite-des-chances-en-faveur-des-femmes","status":"publish","type":"post","link":"https:\/\/linitiative.ca\/International\/al-akhawayn-milite-pour-lequite-et-legalite-des-chances-en-faveur-des-femmes\/","title":{"rendered":"Al Akhawayn milite pour l\u2019\u00e9quit\u00e9 et l\u2019\u00e9galit\u00e9 des chances en faveur des femmes"},"content":{"rendered":"<header>\n<\/header>\n<div class=\"entry-content clearfix\" readability=\"60\">\n<figure class=\"post-thumbnail\" itemprop=\"associatedMedia\" itemscope=\"itemscope\" itemtype=\"http:\/\/schema.org\/ImageObject\"><img decoding=\"async\" class=\"post_layout_5_img\" src=\"http:\/\/aujourdhui.ma\/wp-content\/uploads\/2020\/05\/universite-al-akhawayn.jpg\" alt=\"Al Akhawayn milite pour l\u2019\u00e9quit\u00e9 et l\u2019\u00e9galit\u00e9 des chances en faveur des femmes\"\/><\/figure>\n<p><span class=\"c5\"><strong>A l\u2019occasion de la Journ\u00e9e internationale des droits des femmes, c\u00e9l\u00e9br\u00e9e annuellement le 8 mars, l\u2019Universit\u00e9 Al Akhawayn \u00e0 Ifrane (AUI) a organis\u00e9, pendant une semaine, une s\u00e9rie d\u2019activit\u00e9s pour valoriser les r\u00e9alisations des femmes de la communaut\u00e9 de l\u2019Universit\u00e9.<\/strong><\/span><span id=\"more-371804\"\/><\/p>\n<p>C\u2019est aussi une mani\u00e8re de t\u00e9moigner \u00e0 cette moiti\u00e9 de la population une reconnaissance \u00e0 leur travail et la valeur ajout\u00e9e qu\u2019elles apportent au quotidien. Et c\u2019est bien \u00e0 ce titre que Dr Amine Bensaid a affirm\u00e9 que \u00abla diversit\u00e9 constitue une pr\u00e9cieuse source de richesse pour notre communaut\u00e9. C\u2019est notre responsabilit\u00e9 de saisir cette opportunit\u00e9 \u00e0 travers l\u2019appr\u00e9ciation de nos diff\u00e9rences tout en nous appuyant sur les fondements fournis par nos valeurs communes. Garantir et ressentir l\u2019\u00e9quit\u00e9 sont une condition pr\u00e9alable \u00e0 notre confort (individuel et collectif) et \u00e0 notre engagement en faveur de la diversit\u00e9. Imaginez notre Maroc avec \u00e9quit\u00e9 femme-homme pleinement garantie, et o\u00f9 chacun de nous le ressent. Ainsi, en plus de c\u00e9l\u00e9brer la Journ\u00e9e internationale des droits des femmes, aujourd\u2019hui est l\u2019occasion de r\u00e9fl\u00e9chir \u00e0 l\u2019\u00e9quit\u00e9 et \u00e0 l\u2019\u00e9galit\u00e9 des chances entre les sexes\u00bb. Pour rappel, l\u2019Universit\u00e9 d\u2019Ifrane entreprend plusieurs actions pour promouvoir l\u2019\u00e9quit\u00e9 et l\u2019\u00e9galit\u00e9 des chances et dans l\u2019acc\u00e8s aux opportunit\u00e9s. Elle se positionne d\u2019embl\u00e9e \u00e0 de nouveaux niveaux d\u2019excellence au service de l\u2019\u00e9quit\u00e9 et de la diversit\u00e9 \u00e0 travers, notamment, le Centre d\u2019Azrou pour le D\u00e9veloppement Communautaire (CADC).<\/p>\n<p>Cr\u00e9\u00e9 en 2002, ce centre a pour mission de faciliter le processus de d\u00e9veloppement de la province d\u2019Ifrane et du Moyen Atlas, via des programmes d\u2019\u00e9ducation, de formation et de sant\u00e9. Des ateliers de renforcement des capacit\u00e9s entrepreneuriales, de d\u00e9veloppement d\u2019activit\u00e9s g\u00e9n\u00e9ratrices de revenus et d\u2019autonomisation socio-\u00e9conomique sont justement, fr\u00e9quemment, organis\u00e9s par le CADC au profit des femmes de la r\u00e9gion.<\/p>\n<\/div>\n<p>Auteur: Dounia Essabban<br \/>\n<a href=\"https:\/\/aujourdhui.ma\/societe\/al-akhawayn-milite-pour-lequite-et-legalite-des-chances-en-faveur-des-femmes\">Cliquez ici pour lire l&rsquo;article depuis sa source.<\/a><\/p>\n","protected":false},"excerpt":{"rendered":"<p>A l\u2019occasion de la Journ\u00e9e internationale des droits des femmes, c\u00e9l\u00e9br\u00e9e annuellement le 8 mars, l\u2019Universit\u00e9 Al Akhawayn \u00e0 Ifrane (AUI) a organis\u00e9, pendant une semaine, une s\u00e9rie d\u2019activit\u00e9s pour valoriser les r\u00e9alisations des femmes de la communaut\u00e9 de l\u2019Universit\u00e9. C\u2019est aussi une mani\u00e8re de t\u00e9moigner \u00e0 cette moiti\u00e9 de la population une reconnaissance \u00e0 [&hellip;]<\/p>\n","protected":false},"author":1759,"featured_media":0,"comment_status":"closed","ping_status":"closed","sticky":false,"template":"","format":"standard","meta":{"fifu_image_url":"http:\/\/aujourdhui.ma\/wp-content\/uploads\/2020\/05\/universite-al-akhawayn.jpg","fifu_image_alt":"Al Akhawayn milite pour l\u2019\u00e9quit\u00e9 et l\u2019\u00e9galit\u00e9 des chances en faveur des femmes","footnotes":""},"categories":[73,54],"tags":[],"class_list":["post-113563","post","type-post","status-publish","format-standard","hentry","category-actualite","category-maroc"],"_links":{"self":[{"href":"https:\/\/linitiative.ca\/International\/wp-json\/wp\/v2\/posts\/113563","targetHints":{"allow":["GET"]}}],"collection":[{"href":"https:\/\/linitiative.ca\/International\/wp-json\/wp\/v2\/posts"}],"about":[{"href":"https:\/\/linitiative.ca\/International\/wp-json\/wp\/v2\/types\/post"}],"author":[{"embeddable":true,"href":"https:\/\/linitiative.ca\/International\/wp-json\/wp\/v2\/users\/1759"}],"replies":[{"embeddable":true,"href":"https:\/\/linitiative.ca\/International\/wp-json\/wp\/v2\/comments?post=113563"}],"version-history":[{"count":0,"href":"https:\/\/linitiative.ca\/International\/wp-json\/wp\/v2\/posts\/113563\/revisions"}],"wp:attachment":[{"href":"https:\/\/linitiative.ca\/International\/wp-json\/wp\/v2\/media?parent=113563"}],"wp:term":[{"taxonomy":"category","embeddable":true,"href":"https:\/\/linitiative.ca\/International\/wp-json\/wp\/v2\/categories?post=113563"},{"taxonomy":"post_tag","embeddable":true,"href":"https:\/\/linitiative.ca\/International\/wp-json\/wp\/v2\/tags?post=113563"}],"curies":[{"name":"wp","href":"https:\/\/api.w.org\/{rel}","templated":true}]}}