{"id":113564,"date":"2021-03-23T11:30:12","date_gmt":"2021-03-23T15:30:12","guid":{"rendered":"https:\/\/linitiative.ca\/International\/agadir-un-trentenaire-martele-a-mort-son-epouse\/"},"modified":"2021-03-23T11:30:12","modified_gmt":"2021-03-23T15:30:12","slug":"agadir-un-trentenaire-martele-a-mort-son-epouse","status":"publish","type":"post","link":"https:\/\/linitiative.ca\/International\/agadir-un-trentenaire-martele-a-mort-son-epouse\/","title":{"rendered":"Agadir : Un trentenaire mart\u00e8le  \u00e0 mort son \u00e9pouse"},"content":{"rendered":"<header>\n<\/header>\n<div class=\"entry-content clearfix\" readability=\"47\">\n<figure class=\"post-thumbnail\" itemprop=\"associatedMedia\" itemscope=\"itemscope\" itemtype=\"http:\/\/schema.org\/ImageObject\"><img decoding=\"async\" class=\"post_layout_5_img\" src=\"http:\/\/aujourdhui.ma\/wp-content\/uploads\/2019\/09\/crime-mort.jpg\" alt=\"Agadir : Un trentenaire mart\u00e8le \u00e0 mort son \u00e9pouse\"\/><\/figure>\n<p><span class=\"c5\"><strong>Au quartier Bir Inzarane, \u00e0 Agadir, un p\u00e8re de famille a mis fin, vendredi dernier, \u00e0 la vie de sa femme en lui ass\u00e9nant des coups de marteau au niveau de la t\u00eate.<\/strong><\/span><span id=\"more-371809\"\/><\/p>\n<p>Toxicomane de son \u00e9tat, ce trentenaire avait toujours une prise de bec avec son \u00e9pouse. Le soir de ce vendredi, il a perdu tout contr\u00f4le de ses nerfs et l\u2019a violemment martel\u00e9e au niveau de la t\u00eate. Il ne s\u2019est arr\u00eat\u00e9 qu\u2019une fois la victime a perdu connaissance et est pass\u00e9, ensuite, de vie \u00e0 tr\u00e9pas. L\u2019auteur du crime n\u2019a pas quitt\u00e9 la sc\u00e8ne du crime jusqu\u2019\u00e0 l\u2019arriv\u00e9e des policiers qui l\u2019ont arr\u00eat\u00e9 et l\u2019ont conduit au commissariat pour le soumettre aux interrogatoires. Quant au cadavre de la victime, il a \u00e9t\u00e9 \u00e9vacu\u00e9 vers la morgue de l\u2019h\u00f4pital Hassan II afin d\u2019\u00eatre autopsi\u00e9 et de d\u00e9terminer exactement la cause de la mort.<\/p>\n<\/div>\n<p>Auteur: Abderrafii ALOUMLIKI<br \/>\n<a href=\"https:\/\/aujourdhui.ma\/faits-divers\/agadir-un-trentenaire-martele-a-mort-son-epouse\">Cliquez ici pour lire l&rsquo;article depuis sa source.<\/a><\/p>\n","protected":false},"excerpt":{"rendered":"<p>Au quartier Bir Inzarane, \u00e0 Agadir, un p\u00e8re de famille a mis fin, vendredi dernier, \u00e0 la vie de sa femme en lui ass\u00e9nant des coups de marteau au niveau de la t\u00eate. Toxicomane de son \u00e9tat, ce trentenaire avait toujours une prise de bec avec son \u00e9pouse. Le soir de ce vendredi, il a [&hellip;]<\/p>\n","protected":false},"author":1759,"featured_media":0,"comment_status":"closed","ping_status":"closed","sticky":false,"template":"","format":"standard","meta":{"fifu_image_url":"http:\/\/aujourdhui.ma\/wp-content\/uploads\/2019\/09\/crime-mort.jpg","fifu_image_alt":"Agadir : Un trentenaire mart\u00e8le  \u00e0 mort son \u00e9pouse","footnotes":""},"categories":[73,54],"tags":[],"class_list":["post-113564","post","type-post","status-publish","format-standard","hentry","category-actualite","category-maroc"],"_links":{"self":[{"href":"https:\/\/linitiative.ca\/International\/wp-json\/wp\/v2\/posts\/113564","targetHints":{"allow":["GET"]}}],"collection":[{"href":"https:\/\/linitiative.ca\/International\/wp-json\/wp\/v2\/posts"}],"about":[{"href":"https:\/\/linitiative.ca\/International\/wp-json\/wp\/v2\/types\/post"}],"author":[{"embeddable":true,"href":"https:\/\/linitiative.ca\/International\/wp-json\/wp\/v2\/users\/1759"}],"replies":[{"embeddable":true,"href":"https:\/\/linitiative.ca\/International\/wp-json\/wp\/v2\/comments?post=113564"}],"version-history":[{"count":0,"href":"https:\/\/linitiative.ca\/International\/wp-json\/wp\/v2\/posts\/113564\/revisions"}],"wp:attachment":[{"href":"https:\/\/linitiative.ca\/International\/wp-json\/wp\/v2\/media?parent=113564"}],"wp:term":[{"taxonomy":"category","embeddable":true,"href":"https:\/\/linitiative.ca\/International\/wp-json\/wp\/v2\/categories?post=113564"},{"taxonomy":"post_tag","embeddable":true,"href":"https:\/\/linitiative.ca\/International\/wp-json\/wp\/v2\/tags?post=113564"}],"curies":[{"name":"wp","href":"https:\/\/api.w.org\/{rel}","templated":true}]}}