{"id":113565,"date":"2021-03-22T14:00:52","date_gmt":"2021-03-22T18:00:52","guid":{"rendered":"https:\/\/linitiative.ca\/International\/%ef%bb%bfles-non-convoques-pestent-contre-vahid\/"},"modified":"2021-03-22T14:00:52","modified_gmt":"2021-03-22T18:00:52","slug":"%ef%bb%bfles-non-convoques-pestent-contre-vahid","status":"publish","type":"post","link":"https:\/\/linitiative.ca\/International\/%ef%bb%bfles-non-convoques-pestent-contre-vahid\/","title":{"rendered":"\ufeffLes non convoqu\u00e9s pestent contre Vahid !"},"content":{"rendered":"<p class=\"has-text-color has-vivid-red-color c1\"><strong>Lions de l\u2019Atlas<\/strong><\/p>\n<p><strong>Plusieurs joueurs de la s\u00e9lection marocaine de football, non convoqu\u00e9s par Vahid Halilhodzic pour participer aux deux derni\u00e8res journ\u00e9es des \u00e9liminatoires de la CAN 2021, ont montr\u00e9 leur m\u00e9contentement \u00e0 travers les r\u00e9seaux sociaux. Une attitude qui risque de mettre en p\u00e9ril leur relation avec le tacticien bosniaque.<\/strong><\/p>\n<p>En effet, apr\u00e8s avoir d\u00e9voil\u00e9 la liste des 24 joueurs retenus pour faire face \u00e0 la Mauritanie (26 mars) et le Burundi (30 mars), le s\u00e9lectionneur national Halilhodzic a bien tenu a mettre les choses au clair concernant le retour de certains absents de la liste, qui selon lui sont tout simplement banni \u00e0 cause de leur manque de discipline\u00a0:<\/p>\n<p>\u00abJe n\u2019ai pas appr\u00e9ci\u00e9 le comportement de certains joueurs pendant le stage au Cameroun, dans l\u2019engagement et l\u2019\u00e9tat d\u2019esprit. Vraisemblablement pour eux, \u00e7a sera tr\u00e8s difficile de retrouver la s\u00e9lection tant que je serai l\u00e0\u00bb.<\/p>\n<p>Une d\u00e9claration frappante qui prouve aujourd\u2019hui que les joueurs convoqu\u00e9s ne sont plus en vacances et que rien n\u2019est acquis avec de la popularit\u00e9.\u00a0<\/p>\n<p>Les r\u00e9actions des principaux concern\u00e9s ne se sont pas fait attendre. Plusieurs \u00e9l\u00e9ments non s\u00e9lectionn\u00e9s ont montr\u00e9 leur incompr\u00e9hension vis-\u00e0-vis de la d\u00e9cision de Vahid sur leurs r\u00e9seaux sociaux. Il s\u2019agit de Jawad El Yamiq \u2013Valladolid, Fay\u00e7al Fajr-Sivasspor et Badr Benoun (Al Ahly), qui pr\u00f4ne l\u2019injustice pour justifier la d\u00e9cision de son s\u00e9lectionneur.<\/p>\n<p>Pour rappel, le Maroc est leader de son groupe E avec 10 points (3 victoires, 1 nul) et n\u2019a besoin que d\u2019un seul point pour \u00eatre officiellement qualifi\u00e9 pour la 18e phase de finale de la comp\u00e9tition africaine.<\/p>\n<p class=\"has-text-color has-vivid-red-color\"><strong>Oussama Zidouhia<\/strong><\/p>\n<p>Auteur: M&rsquo;hammed rahal<br \/>\n<a href=\"http:\/\/albayane.press.ma\/%EF%BB%BFles-non-convoques-pestent-contre-vahid.html\">Cliquez ici pour lire l&rsquo;article depuis sa source.<\/a><\/p>\n","protected":false},"excerpt":{"rendered":"<p>Lions de l\u2019Atlas Plusieurs joueurs de la s\u00e9lection marocaine de football, non convoqu\u00e9s par Vahid Halilhodzic pour participer aux deux derni\u00e8res journ\u00e9es des \u00e9liminatoires de la CAN 2021, ont montr\u00e9 leur m\u00e9contentement \u00e0 travers les r\u00e9seaux sociaux. Une attitude qui risque de mettre en p\u00e9ril leur relation avec le tacticien bosniaque. En effet, apr\u00e8s avoir [&hellip;]<\/p>\n","protected":false},"author":1760,"featured_media":0,"comment_status":"closed","ping_status":"closed","sticky":false,"template":"","format":"standard","meta":{"fifu_image_url":"","fifu_image_alt":"","footnotes":""},"categories":[73,54],"tags":[],"class_list":["post-113565","post","type-post","status-publish","format-standard","hentry","category-actualite","category-maroc"],"_links":{"self":[{"href":"https:\/\/linitiative.ca\/International\/wp-json\/wp\/v2\/posts\/113565","targetHints":{"allow":["GET"]}}],"collection":[{"href":"https:\/\/linitiative.ca\/International\/wp-json\/wp\/v2\/posts"}],"about":[{"href":"https:\/\/linitiative.ca\/International\/wp-json\/wp\/v2\/types\/post"}],"author":[{"embeddable":true,"href":"https:\/\/linitiative.ca\/International\/wp-json\/wp\/v2\/users\/1760"}],"replies":[{"embeddable":true,"href":"https:\/\/linitiative.ca\/International\/wp-json\/wp\/v2\/comments?post=113565"}],"version-history":[{"count":0,"href":"https:\/\/linitiative.ca\/International\/wp-json\/wp\/v2\/posts\/113565\/revisions"}],"wp:attachment":[{"href":"https:\/\/linitiative.ca\/International\/wp-json\/wp\/v2\/media?parent=113565"}],"wp:term":[{"taxonomy":"category","embeddable":true,"href":"https:\/\/linitiative.ca\/International\/wp-json\/wp\/v2\/categories?post=113565"},{"taxonomy":"post_tag","embeddable":true,"href":"https:\/\/linitiative.ca\/International\/wp-json\/wp\/v2\/tags?post=113565"}],"curies":[{"name":"wp","href":"https:\/\/api.w.org\/{rel}","templated":true}]}}