{"id":113566,"date":"2021-03-22T14:00:54","date_gmt":"2021-03-22T18:00:54","guid":{"rendered":"https:\/\/linitiative.ca\/International\/%ef%bb%bflindustrialisation-durable-et-la-diversification-de-lafrique-a-lere-du-numerique\/"},"modified":"2021-03-22T14:00:54","modified_gmt":"2021-03-22T18:00:54","slug":"%ef%bb%bflindustrialisation-durable-et-la-diversification-de-lafrique-a-lere-du-numerique","status":"publish","type":"post","link":"https:\/\/linitiative.ca\/International\/%ef%bb%bflindustrialisation-durable-et-la-diversification-de-lafrique-a-lere-du-numerique\/","title":{"rendered":"\ufeff\u00abL\u2019industrialisation durable et la diversification de l\u2019Afrique \u00e0 l\u2019\u00e8re du num\u00e9rique\u00bb"},"content":{"rendered":"<p class=\"has-text-color has-vivid-cyan-blue-color c1\"><strong>Conf\u00e9rence des ministres africains des finances<\/strong><\/p>\n<p><strong>L\u2019\u00e9dition 2021 de la Conf\u00e9rence des ministres africains des finances, de la planification et du d\u00e9veloppement \u00e9conomique s\u2019est ouverte, lundi par visioconf\u00e9rence, sous le th\u00e8me: \u00ab\u00a0L\u2019industrialisation durable et la diversification de l\u2019Afrique \u00e0 l\u2019\u00e8re du num\u00e9rique dans le contexte de la COVID-19\u00a0\u00bb.<\/strong><\/p>\n<p>La Conf\u00e9rence, qui attire des pan\u00e9listes chevronn\u00e9s et de haut niveau de l\u2019Afrique et de l\u2019ext\u00e9rieur, devrait \u00eatre sanctionn\u00e9e par des d\u00e9cisions et recommandations qui auront des cons\u00e9quences importantes pour l\u2019avenir de l\u2019Afrique, selon la Commission \u00e9conomique pour l\u2019Afrique (CEA), organisateur de l\u2019\u00e9v\u00e8nement.<\/p>\n<p>\u00ab\u00a0Le th\u00e8me de cette ann\u00e9e englobe la n\u00e9cessit\u00e9 pour les pays africains d\u2019atteindre une croissance \u00e9conomique rapide gr\u00e2ce \u00e0 une industrialisation et une diversification respectueuses de l\u2019environnement tout en tirant parti de la num\u00e9risation\u00a0\u00bb, indique un communiqu\u00e9 de la CEA.<\/p>\n<p>Intensifier la num\u00e9risation en Afrique pourrait \u00eatre transformationnelle, aidant l\u2019Afrique \u00e0 s\u2019industrialiser durablement et \u00e0 se diversifier au sein d\u2019une \u00e9conomie num\u00e9rique mondiale qui devrait bient\u00f4t d\u00e9passer 11.500 milliards de dollars am\u00e9ricains, souligne la CEA qui pr\u00e9cise que les discussions relatives \u00e0 ce th\u00e8me exploreront et consolideront les strat\u00e9gies sur la voie \u00e0 suivre pour g\u00e9rer les effets de la pand\u00e9mie de COVID-19 sur les \u00e9conomies africaines.<\/p>\n<p>Le sujet sp\u00e9cifique de la ZLECA entrera dans les sessions minist\u00e9rielles et d\u2019\u00e9v\u00e8nements parall\u00e8les en tant que l\u2019un des outils particuliers \u00e0 la disposition des pays africains alors que ceux-ci cartographient leur relance suite \u00e0 la COVID-19, pr\u00e9cise la m\u00eame source.<\/p>\n<p>Le prochain protocole de la ZLECA sur le commerce \u00e9lectronique devrait notamment entrer dans les discussions. Les r\u00e9solutions des ministres issues de la conf\u00e9rence devraient donner un aper\u00e7u du soutien qu\u2019ils souhaiteraient b\u00e9n\u00e9ficier de la CEA dans la n\u00e9gociation et la mise en \u0153uvre du protocole sur le commerce \u00e9lectronique de la ZLECA, consid\u00e9r\u00e9e comme un moyen de stimuler l\u2019industrialisation tant attendue de l\u2019Afrique.<\/p>\n<p>L\u2019\u00e9v\u00e8nement parall\u00e8le \u00ab\u00a0Lancement du rapport : Effets de la COVID-19 sur le commerce \u00e9lectronique en Afrique\u00a0\u00bb, examinera, de son c\u00f4t\u00e9, les options pour le protocole sur le commerce \u00e9lectronique dans la ZLECA.<\/p>\n<p>\u00ab\u00a0Alors que la COVID-19 a r\u00e9v\u00e9l\u00e9 la d\u00e9pendance excessive de l\u2019Afrique \u00e0 l\u2019\u00e9gard des cha\u00eenes d\u2019approvisionnement internationales pour la recherche m\u00e9dicale, l\u2019\u00e9quipement et les produits pharmaceutiques, des discussions seront organis\u00e9es sur la fa\u00e7on dont l\u2019Afrique peut g\u00e9n\u00e9rer ses propres secteurs pharmaceutiques, et le r\u00f4le de la ZLECA dans ces secteurs\u00a0\u00bb, notent les organisateurs.<\/p>\n<p>Parmi les conf\u00e9renciers qui prennent part \u00e0 cette conf\u00e9rence, figurent notamment Mohamed Benchaaboun, ministre de l\u2019Economie, des Finances et de la R\u00e9forme de l\u2019Administration, Abiy Ahmed, premier ministre de l\u2019Ethiopie, Ken Ofori-Atta, ministre des finances du Ghana, Zainab Ahmed, ministre des finances, du budget et de la planification nationale du Nig\u00e9ria et Jose Sele Yalaghuli, ministre des finances de la RDC.<\/p>\n<p>Le directeur g\u00e9n\u00e9ral de l\u2019Organisation mondiale de la sant\u00e9 (OMS), Tedros Adhanom, et le pr\u00e9sident d\u2019Afreximbank, Benedict Oramah m\u00e8neront, pour leur part, des discussions sur la pr\u00e9paration de l\u2019Afrique \u00e0 financer ses propres vaccins.<\/p>\n<p>Auteur: M&rsquo;hammed rahal<br \/>\n<a href=\"http:\/\/albayane.press.ma\/%EF%BB%BFlindustrialisation-durable-et-la-diversification-de-lafrique-a-lere-du-numerique.html\">Cliquez ici pour lire l&rsquo;article depuis sa source.<\/a><\/p>\n","protected":false},"excerpt":{"rendered":"<p>Conf\u00e9rence des ministres africains des finances L\u2019\u00e9dition 2021 de la Conf\u00e9rence des ministres africains des finances, de la planification et du d\u00e9veloppement \u00e9conomique s\u2019est ouverte, lundi par visioconf\u00e9rence, sous le th\u00e8me: \u00ab\u00a0L\u2019industrialisation durable et la diversification de l\u2019Afrique \u00e0 l\u2019\u00e8re du num\u00e9rique dans le contexte de la COVID-19\u00a0\u00bb. La Conf\u00e9rence, qui attire des pan\u00e9listes chevronn\u00e9s [&hellip;]<\/p>\n","protected":false},"author":1760,"featured_media":0,"comment_status":"closed","ping_status":"closed","sticky":false,"template":"","format":"standard","meta":{"fifu_image_url":"","fifu_image_alt":"","footnotes":""},"categories":[73,54],"tags":[],"class_list":["post-113566","post","type-post","status-publish","format-standard","hentry","category-actualite","category-maroc"],"_links":{"self":[{"href":"https:\/\/linitiative.ca\/International\/wp-json\/wp\/v2\/posts\/113566","targetHints":{"allow":["GET"]}}],"collection":[{"href":"https:\/\/linitiative.ca\/International\/wp-json\/wp\/v2\/posts"}],"about":[{"href":"https:\/\/linitiative.ca\/International\/wp-json\/wp\/v2\/types\/post"}],"author":[{"embeddable":true,"href":"https:\/\/linitiative.ca\/International\/wp-json\/wp\/v2\/users\/1760"}],"replies":[{"embeddable":true,"href":"https:\/\/linitiative.ca\/International\/wp-json\/wp\/v2\/comments?post=113566"}],"version-history":[{"count":0,"href":"https:\/\/linitiative.ca\/International\/wp-json\/wp\/v2\/posts\/113566\/revisions"}],"wp:attachment":[{"href":"https:\/\/linitiative.ca\/International\/wp-json\/wp\/v2\/media?parent=113566"}],"wp:term":[{"taxonomy":"category","embeddable":true,"href":"https:\/\/linitiative.ca\/International\/wp-json\/wp\/v2\/categories?post=113566"},{"taxonomy":"post_tag","embeddable":true,"href":"https:\/\/linitiative.ca\/International\/wp-json\/wp\/v2\/tags?post=113566"}],"curies":[{"name":"wp","href":"https:\/\/api.w.org\/{rel}","templated":true}]}}