{"id":113568,"date":"2021-03-22T14:00:59","date_gmt":"2021-03-22T18:00:59","guid":{"rendered":"https:\/\/linitiative.ca\/International\/%ef%bb%bfisrael-polarise-en-mode-vaccination\/"},"modified":"2021-03-22T14:00:59","modified_gmt":"2021-03-22T18:00:59","slug":"%ef%bb%bfisrael-polarise-en-mode-vaccination","status":"publish","type":"post","link":"https:\/\/linitiative.ca\/International\/%ef%bb%bfisrael-polarise-en-mode-vaccination\/","title":{"rendered":"\ufeffIsra\u00ebl polaris\u00e9 en mode vaccination"},"content":{"rendered":"<p class=\"has-text-color has-vivid-cyan-blue-color c1\"><strong>A la veille de nouvelles \u00e9lections<\/strong><\/p>\n<p><strong>Gouvernement de droite men\u00e9 par Benjamin Netanyahu ou coalition contre lui? Ou encore une nouvelle impasse? Divis\u00e9, Isra\u00ebl votera mardi pour ses quatri\u00e8mes \u00e9lections l\u00e9gislatives en moins de deux ans sur fond d\u2019intense campagne de vaccination contre le Covid-19.<\/strong><\/p>\n<p>Lors du dernier scrutin en mars 2020, la pand\u00e9mie n\u2019en \u00e9tait qu\u2019\u00e0 ses balbutiements en Isra\u00ebl qui avait d\u00e9ploy\u00e9 des bureaux de vote sp\u00e9ciaux pour les quelques personnes en quarantaine, de retour de l\u2019\u00e9tranger.<\/p>\n<p>Un an plus tard, l\u2019Etat h\u00e9breu sort la t\u00eate de l\u2019eau \u00e0 la faveur d\u2019une vaste campagne de vaccination ayant permis d\u2019administrer les deux doses de vaccin n\u00e9cessaires \u00e0 49% de la population. Une \u00ab\u00a0victoire\u00a0\u00bb, clame haut et fort le Premier ministre sortant Benjamin Netanyahu, vaccin\u00e9 lui-m\u00eame mais toutefois pas immunis\u00e9 contre une d\u00e9faite \u00e9lectorale.<\/p>\n<p>L\u2019ann\u00e9e \u00e9coul\u00e9e a aussi \u00e9t\u00e9 marqu\u00e9e par l\u2019ouverture du proc\u00e8s contre le Premier ministre pour \u00ab\u00a0corruption\u00a0\u00bb et \u00ab\u00a0abus de pouvoir\u00a0\u00bb, qui a servi de cri de ralliement \u00e0 un mouvement de contestation sociale \u00e0 travers le pays, incarn\u00e9 par des manifestations le samedi soir devant sa r\u00e9sidence de J\u00e9rusalem.<\/p>\n<p>A moins de 24 heures de ces nouvelles \u00e9lections, deux grands camps s\u2019affrontent: les pro et les anti-Netanyahu. Mais comme le syst\u00e8me \u00e9lectoral \u00e0 la proportionnelle favorise l\u2019acc\u00e8s au Parlement des petits partis, chaque camp se subdivise.<\/p>\n<p>\u00ab\u00a0Les discussions sur la corruption ont remplac\u00e9 tous les anciens d\u00e9bats. Mais cela n\u2019a pas sembl\u00e9 nuire \u00e0 Netanyahu\u00a0\u00bb, notait lundi le journal le plus vendu de la presse isra\u00e9lienne, le Yediot Aharonot.<\/p>\n<p>Les derniers sondages cr\u00e9ditent le Likoud (droite) de M. Netanyahu de la premi\u00e8re place avec environ une trentaine de si\u00e8ges sur les 120 de la Knesset, le Parlement, suivi de la formation Yesh Atid (\u00ab\u00a0Il y a un avenir\u00a0\u00bb) du centriste Ya\u00efr Lapid, des partis de droite dirig\u00e9s par Gideon Saar et Naftali Bennett avec chacun pr\u00e8s de dix si\u00e8ges, et pr\u00e8s d\u2019une dizaine d\u2019autres formations\u2026<\/p>\n<p>Dans sa qu\u00eate du Graal pour obtenir la majorit\u00e9 de 61 d\u00e9put\u00e9s afin de former un gouvernement et d\u2019\u00e9viter la tenue d\u2019un nouveau scrutin, Benjamin Netanyahu compte faire alliance avec la droite religieuse et l\u2019extr\u00eame droite, et Ya\u00efr Lapid avec des partis de la gauche, du centre et de la droite d\u00e9\u00e7ue par le Premier ministre.<\/p>\n<p>\u00ab\u00a0La question est de savoir s\u2019il y aura un r\u00e9sultat permettant de donner \u00e0 l\u2019un des deux camps \u2013les partis pro-Netanyahu et ceux tentant de former une coalition sans Netanyahu\u2013 un avantage clair. A l\u2019heure actuelle, il semble qu\u2019aucun des deux camps ne puisse y parvenir\u00a0\u00bb, note Dahlia Scheindlin, sp\u00e9cialiste des sondages politiques en Isra\u00ebl.<\/p>\n<p>Malgr\u00e9 tout, estime-t-elle, Benjamin Netanyahu a pour l\u2019heure le \u00ab\u00a0plus de chance\u00a0\u00bb de rester Premier ministre au terme de ces \u00e9lections.<\/p>\n<p>Pour former son gouvernement de droite tant souhait\u00e9, Benjamin Netanyahu compte sur les appuis de deux partis ultra-orthodoxes et sur la nouvelle formation \u00ab\u00a0Sioniste religieux\u00a0\u00bb men\u00e9e notamment par Itamar Ben Gvir, une personnalit\u00e9 phare de l\u2019extr\u00eame droite isra\u00e9lienne, qui pourrait faire son entr\u00e9e au Parlement.<\/p>\n<p>Des jeunes ont distribu\u00e9 dimanche \u00e0 tout vent dans des quartiers religieux de J\u00e9rusalem des tracts pro-Ben Gvir et des drapeaux de sa formation \u00e9taient visibles aux balcons.<\/p>\n<p>Mais ces appuis seraient insuffisants pour former un gouvernement Netanyahu, d\u2019o\u00f9 l\u2019importance pour lui d\u2019obtenir l\u2019appui de Naftali Bennett, chef de la droite radicale. Mais sans que ce dernier n\u2019obtienne un trop bon score \u00e9lectoral, qui risquerait de le placer en position de force pour s\u2019imposer comme chef de gouvernement \u00e0 la place de M. Netanyahu.<\/p>\n<p>Depuis le d\u00e9but de la campagne, M. Bennett entretient le flou sur ces intentions, se montrant \u00e0 la fois critique de la gestion de M. Netanyahu mais proche de son id\u00e9ologie.<\/p>\n<p>Dimanche soir, M. Bennett s\u2019est pr\u00e9sent\u00e9 sur le plateau d\u2019une grande cha\u00eene de t\u00e9l\u00e9vision pour \u00ab\u00a0signer\u00a0\u00bb un document stipulant qu\u2019il ne rejoindrait pas un gouvernement dirig\u00e9 par Ya\u00efr Lapid, sans s\u2019engager toutefois concernant M. Netanyahu.<\/p>\n<p>Si les anti-Netanyahu n\u2019arrivent pas, de leur c\u00f4t\u00e9, \u00e0 atteindre le nombre crucial de 61 d\u00e9put\u00e9s, ils devront voir comment \u2013si possible\u2013 se rapprocher de M. Bennett ou de partis arabes pour d\u00e9loger \u00ab\u00a0le roi Bibi\u00a0\u00bb, surnom que donnent ses partisans au Premier ministre.<\/p>\n<p>Et si aucun camp n\u2019arrive \u00e0 former un gouvernement, Benjamin Netanyahu reste de facto Premier ministre. Pour Gideon Rahat, professeur de sciences politiques \u00e0 l\u2019universit\u00e9 h\u00e9bra\u00efque de J\u00e9rusalem, point de doute: \u00ab\u00a0Netanyahu est pr\u00eat \u00e0 une cinqui\u00e8me, sixi\u00e8me ou septi\u00e8me \u00e9lection\u00a0\u00bb.<\/p>\n<p>Auteur: M&rsquo;hammed rahal<br \/>\n<a href=\"http:\/\/albayane.press.ma\/%EF%BB%BFisrael-polarise-en-mode-vaccination.html\">Cliquez ici pour lire l&rsquo;article depuis sa source.<\/a><\/p>\n","protected":false},"excerpt":{"rendered":"<p>A la veille de nouvelles \u00e9lections Gouvernement de droite men\u00e9 par Benjamin Netanyahu ou coalition contre lui? Ou encore une nouvelle impasse? Divis\u00e9, Isra\u00ebl votera mardi pour ses quatri\u00e8mes \u00e9lections l\u00e9gislatives en moins de deux ans sur fond d\u2019intense campagne de vaccination contre le Covid-19. Lors du dernier scrutin en mars 2020, la pand\u00e9mie n\u2019en [&hellip;]<\/p>\n","protected":false},"author":1760,"featured_media":0,"comment_status":"closed","ping_status":"closed","sticky":false,"template":"","format":"standard","meta":{"fifu_image_url":"","fifu_image_alt":"","footnotes":""},"categories":[73,54],"tags":[],"class_list":["post-113568","post","type-post","status-publish","format-standard","hentry","category-actualite","category-maroc"],"_links":{"self":[{"href":"https:\/\/linitiative.ca\/International\/wp-json\/wp\/v2\/posts\/113568","targetHints":{"allow":["GET"]}}],"collection":[{"href":"https:\/\/linitiative.ca\/International\/wp-json\/wp\/v2\/posts"}],"about":[{"href":"https:\/\/linitiative.ca\/International\/wp-json\/wp\/v2\/types\/post"}],"author":[{"embeddable":true,"href":"https:\/\/linitiative.ca\/International\/wp-json\/wp\/v2\/users\/1760"}],"replies":[{"embeddable":true,"href":"https:\/\/linitiative.ca\/International\/wp-json\/wp\/v2\/comments?post=113568"}],"version-history":[{"count":0,"href":"https:\/\/linitiative.ca\/International\/wp-json\/wp\/v2\/posts\/113568\/revisions"}],"wp:attachment":[{"href":"https:\/\/linitiative.ca\/International\/wp-json\/wp\/v2\/media?parent=113568"}],"wp:term":[{"taxonomy":"category","embeddable":true,"href":"https:\/\/linitiative.ca\/International\/wp-json\/wp\/v2\/categories?post=113568"},{"taxonomy":"post_tag","embeddable":true,"href":"https:\/\/linitiative.ca\/International\/wp-json\/wp\/v2\/tags?post=113568"}],"curies":[{"name":"wp","href":"https:\/\/api.w.org\/{rel}","templated":true}]}}