{"id":113569,"date":"2021-03-22T14:01:21","date_gmt":"2021-03-22T18:01:21","guid":{"rendered":"https:\/\/linitiative.ca\/International\/%ef%bb%bfvirus-le-laboratoire-astrazeneca-defend-son-vaccin\/"},"modified":"2021-03-22T14:01:21","modified_gmt":"2021-03-22T18:01:21","slug":"%ef%bb%bfvirus-le-laboratoire-astrazeneca-defend-son-vaccin","status":"publish","type":"post","link":"https:\/\/linitiative.ca\/International\/%ef%bb%bfvirus-le-laboratoire-astrazeneca-defend-son-vaccin\/","title":{"rendered":"\ufeffVirus: le laboratoire AstraZeneca d\u00e9fend son vaccin"},"content":{"rendered":"<p class=\"has-text-color has-vivid-cyan-blue-color c1\"><strong>Apr\u00e8s des essais rassurants aux Etats-Unis<\/strong><\/p>\n<p><strong>Le laboratoire AstraZeneca a d\u00e9fendu lundi son vaccin, rejet\u00e9 par une bonne partie des Europ\u00e9ens, affirmant qu\u2019il \u00e9tait efficace \u00e0 80% contre le Covid chez les personnes \u00e2g\u00e9es et n\u2019augmentait pas le risque de caillots, apr\u00e8s des essais cliniques men\u00e9s aux Etats-Unis.<\/strong><\/p>\n<p>Le recours \u00e0 ce vaccin est crucial au moment o\u00f9 s\u2019acc\u00e9l\u00e8re la troisi\u00e8me vague de la pand\u00e9mie de Covid-19, notamment en Europe, o\u00f9 l\u2019Allemagne envisage de nouvelles restrictions.<\/p>\n<p>Le vaccin est efficace \u00e0 79% pour pr\u00e9venir le Covid-19 symptomatique dans la population g\u00e9n\u00e9rale et \u00e0 100% pour emp\u00eacher les formes s\u00e9v\u00e8res de la maladie et l\u2019hospitalisation, a affirm\u00e9 le laboratoire lundi apr\u00e8s des essais cliniques de phase III men\u00e9s aux Etats-Unis, avec 32.449 participants.<\/p>\n<p>Il est efficace \u00e0 80% chez les personnes \u00e2g\u00e9es et n\u2019augmente pas le risque de caillots sanguins, selon le laboratoire, alors que plusieurs pays ont renonc\u00e9 \u00e0 le prescrire aux plus \u00e2g\u00e9s en raison d\u2019un manque de donn\u00e9es sur les seniors lors des pr\u00e9c\u00e9dents essais.<\/p>\n<p>Ce mois-ci plusieurs pays ont suspendu son utilisation par crainte qu\u2019il ne provoque des caillots sanguins, parfois mortels.<\/p>\n<p>Ce vaccin est per\u00e7u comme plus dangereux que s\u00fbr en Allemagne, France, Espagne et Italie, selon une \u00e9tude d\u2019opinion r\u00e9alis\u00e9e entre le 12 et 18 mars.<br \/>Jeudi, l\u2019Agence europ\u00e9enne des m\u00e9dicaments (EMA) l\u2019a pourtant jug\u00e9 \u00ab\u00a0s\u00fbr et efficace\u00a0\u00bb et l\u2019utilisation du vaccin a repris dans plusieurs pays, mais l\u2019impact sur l\u2019opinion publique s\u2019est fait sentir, souligne l\u2019institut YouGov.<\/p>\n<p>\u00ab\u00a0Non seulement nous avons constat\u00e9 une augmentation consid\u00e9rable du nombre de personnes qui le jugent dangereux au cours des deux derni\u00e8res semaines en Europe, mais le vaccin AstraZeneca continue d\u2019\u00eatre consid\u00e9r\u00e9 comme nettement moins s\u00fbr que ceux de Pfizer et Moderna\u00a0\u00bb, a comment\u00e9 YouGov, dans un communiqu\u00e9.<\/p>\n<p>Avec les campagnes de vaccination, les Europ\u00e9ens pourraient atteindre l\u2019immunit\u00e9 collective en juillet, a laiss\u00e9 entrevoir dimanche le commissaire europ\u00e9en au March\u00e9 int\u00e9rieur Thierry Breton.<br \/>\u00ab\u00a0C\u2019est la derni\u00e8re ligne droite parce que nous savons que pour vaincre cette pand\u00e9mie, une seule solution: se faire vacciner. Les vaccins arrivent, ils seront l\u00e0\u00a0\u00bb, a martel\u00e9 le commissaire fran\u00e7ais.<br \/>Encore faut-il avoir des stocks suffisants, alors que Britanniques et Europ\u00e9ens s\u2019accusent mutuellement de capter les doses produites sur leur territoire.<br \/>Le ministre de la D\u00e9fense britannique Ben Wallace a pr\u00e9venu dimanche qu\u2019il serait \u00ab\u00a0contreproductif\u00a0\u00bb de bloquer les exportations d\u2019AstraZeneca comme l\u2019a menac\u00e9 la veille la Commission europ\u00e9enne si l\u2019UE ne recevait pas d\u2019abord ses livraisons.<br \/>\u00ab\u00a0La Commission a son propre contrat avec AstraZeneca. Nous essayons simplement de le faire respecter. Le laboratoire nous a livr\u00e9 moins de 10% des doses pr\u00e9vues pour l\u2019ann\u00e9e par le contrat. Il est donc normal que nous demandions que ces doses soient livr\u00e9es comme pr\u00e9vu aux Europ\u00e9ens\u00a0\u00bb, a r\u00e9torqu\u00e9 dimanche soir une source dans l\u2019entourage de la pr\u00e9sidente de la Commission europ\u00e9enne Ursula von der Leyen.<br \/>Mme van der Leyen a rappel\u00e9 que le contrat de l\u2019UE avec AstraZeneca pr\u00e9voyait la livraison de doses produites \u00e0 la fois sur le territoire de l\u2019UE et au Royaume-Uni. \u00ab\u00a0Or, nous n\u2019avons rien re\u00e7u des Britanniques, alors que nous les fournissons\u00a0\u00bb.<br \/>Le vaccin AstraZeneca est notamment produit dans deux usines en Belgique et aux Pays-Bays, deux pays qui ont appel\u00e9 \u00e0 la prudence sur un durcissement des exportations alors que d\u2019autres pays europ\u00e9ens, comme la France, le soutiennent.<br \/>Or, le temps presse, notamment en Allemagne. Le gouvernement s\u2019appr\u00eate lundi \u00e0 prolonger, voire \u00e0 durcir les restrictions face \u00e0 une troisi\u00e8me vague toujours plus virulente, au risque de nourrir la grogne d\u00e9j\u00e0 croissante de l\u2019opinion.<\/p>\n<p>Auteur: M&rsquo;hammed rahal<br \/>\n<a href=\"http:\/\/albayane.press.ma\/%EF%BB%BFvirus-le-laboratoire-astrazeneca-defend-son-vaccin.html\">Cliquez ici pour lire l&rsquo;article depuis sa source.<\/a><\/p>\n","protected":false},"excerpt":{"rendered":"<p>Apr\u00e8s des essais rassurants aux Etats-Unis Le laboratoire AstraZeneca a d\u00e9fendu lundi son vaccin, rejet\u00e9 par une bonne partie des Europ\u00e9ens, affirmant qu\u2019il \u00e9tait efficace \u00e0 80% contre le Covid chez les personnes \u00e2g\u00e9es et n\u2019augmentait pas le risque de caillots, apr\u00e8s des essais cliniques men\u00e9s aux Etats-Unis. Le recours \u00e0 ce vaccin est crucial [&hellip;]<\/p>\n","protected":false},"author":1760,"featured_media":0,"comment_status":"closed","ping_status":"closed","sticky":false,"template":"","format":"standard","meta":{"fifu_image_url":"","fifu_image_alt":"","footnotes":""},"categories":[73,54],"tags":[],"class_list":["post-113569","post","type-post","status-publish","format-standard","hentry","category-actualite","category-maroc"],"_links":{"self":[{"href":"https:\/\/linitiative.ca\/International\/wp-json\/wp\/v2\/posts\/113569","targetHints":{"allow":["GET"]}}],"collection":[{"href":"https:\/\/linitiative.ca\/International\/wp-json\/wp\/v2\/posts"}],"about":[{"href":"https:\/\/linitiative.ca\/International\/wp-json\/wp\/v2\/types\/post"}],"author":[{"embeddable":true,"href":"https:\/\/linitiative.ca\/International\/wp-json\/wp\/v2\/users\/1760"}],"replies":[{"embeddable":true,"href":"https:\/\/linitiative.ca\/International\/wp-json\/wp\/v2\/comments?post=113569"}],"version-history":[{"count":0,"href":"https:\/\/linitiative.ca\/International\/wp-json\/wp\/v2\/posts\/113569\/revisions"}],"wp:attachment":[{"href":"https:\/\/linitiative.ca\/International\/wp-json\/wp\/v2\/media?parent=113569"}],"wp:term":[{"taxonomy":"category","embeddable":true,"href":"https:\/\/linitiative.ca\/International\/wp-json\/wp\/v2\/categories?post=113569"},{"taxonomy":"post_tag","embeddable":true,"href":"https:\/\/linitiative.ca\/International\/wp-json\/wp\/v2\/tags?post=113569"}],"curies":[{"name":"wp","href":"https:\/\/api.w.org\/{rel}","templated":true}]}}