{"id":113572,"date":"2021-03-23T09:15:45","date_gmt":"2021-03-23T13:15:45","guid":{"rendered":"https:\/\/linitiative.ca\/International\/tunisie-algerie-les-relations-economiques-en-deca-des-potentialites\/"},"modified":"2021-03-23T09:15:45","modified_gmt":"2021-03-23T13:15:45","slug":"tunisie-algerie-les-relations-economiques-en-deca-des-potentialites","status":"publish","type":"post","link":"https:\/\/linitiative.ca\/International\/tunisie-algerie-les-relations-economiques-en-deca-des-potentialites\/","title":{"rendered":"Tunisie\/Alg\u00e9rie: \u00ab les relations \u00e9conomiques en de\u00e7\u00e0 des potentialit\u00e9s \u00bb"},"content":{"rendered":"<div class=\"td-post-content\">\n<h2>Les relations \u00e9conomiques tuniso-alg\u00e9riennes\u00a0 commerciales demeurent en de\u00e7\u00e0 des potentialit\u00e9s. Les potentialit\u00e9s \u00e9conomiques existent bel et bien entre les deux pays. A estim\u00e9, lundi, le ministre alg\u00e9rien du commerce, Kamel Rezig.<\/h2>\n<p>En effet, le ministre alg\u00e9rien s\u2019exprimait lors d\u2019une rencontre en ligne avec son homologue tunisien,\u00a0<a href=\"http:\/\/fr.tunisie.gov.tn\/annuaire\/3\/9-minist%C3%A8re-du-commerce-et-du-d%C3%A9veloppement-des-exportations.htm\" target=\"_blank\" rel=\"noopener noreferrer\">Mohamed Bousaid<\/a>. Ces relations \u00e9conomiques ne sont pas \u00e0 la hauteur de la volont\u00e9 politique des pr\u00e9sidents de la R\u00e9publique des deux pays. Indique-t-il.<\/p>\n<p>Par ailleurs, il a, \u00e0 cet \u00e9gard, appel\u00e9 \u00e0 r\u00e9activer le Conseil des affaires tuniso-alg\u00e9rien. Ce Conseil rev\u00eat, selon lui, une importance capitale dans le rapprochement des hommes d\u2019affaires des deux pays.<\/p>\n<p>De son c\u00f4t\u00e9, le ministre du Commerce et du D\u00e9veloppement des exportations, Mohamed Bousaid a mis l\u2019accent sur la n\u00e9cessit\u00e9 de d\u00e9velopper les\u00a0<a href=\"http:\/\/www.leconomistemaghrebin.com\/2015\/02\/09\/tunisie-algerie-developpement-frontalier\/\" target=\"_blank\" rel=\"noopener noreferrer\">zones frontali\u00e8res<\/a>. Et d\u2019y cr\u00e9er des projets conjoints permettant de diversifier les activit\u00e9s \u00e9conomiques.<\/p>\n<p>En effet, les deux ministres ont \u00e9t\u00e9 unanimes \u00e0 souligner l\u2019imp\u00e9ratif de renforcer et diversifier les investissements entre les deux pays, de mani\u00e8re \u00e0 instaurer une coop\u00e9ration \u00e9conomique bilat\u00e9rale \u00a0strat\u00e9gique.<\/p>\n<p>Avec TAP<\/p>\n<\/div>\n<footer>\n<\/footer>\n<div class=\"wp-post-author-wrap wp-post-author-shortcode left\">\n<h3 class=\"awpa-title\"\/>\n<div class=\"wp-post-author\">\n<div class=\"awpa-img awpa-author-block square\"><a href=\"http:\/\/lexpertjournal.net\/fr\/?author=5\"><img loading=\"lazy\" decoding=\"async\" alt=\"\" src=\"http:\/\/0.gravatar.com\/avatar\/97f8e10a1c1125ba104a76514ee07b16?s=150&amp;d=mm&amp;r=g\" srcset=\"http:\/\/0.gravatar.com\/avatar\/97f8e10a1c1125ba104a76514ee07b16?s=300&amp;d=mm&amp;r=g 2x\" class=\"avatar avatar-150 photo\" height=\"150\" width=\"150\"\/><\/a><\/div>\n<\/div>\n<\/div>\n<aside class=\"mashsb-container mashsb-main mashsb-stretched\">\n<\/aside>\n<p>Auteur: L&rsquo;expert<br \/>\n<a href=\"http:\/\/lexpertjournal.net\/fr\/?p=19354\">Cliquez ici pour lire l&rsquo;article depuis sa source.<\/a><\/p>\n","protected":false},"excerpt":{"rendered":"<p>Les relations \u00e9conomiques tuniso-alg\u00e9riennes\u00a0 commerciales demeurent en de\u00e7\u00e0 des potentialit\u00e9s. Les potentialit\u00e9s \u00e9conomiques existent bel et bien entre les deux pays. A estim\u00e9, lundi, le ministre alg\u00e9rien du commerce, Kamel Rezig. En effet, le ministre alg\u00e9rien s\u2019exprimait lors d\u2019une rencontre en ligne avec son homologue tunisien,\u00a0Mohamed Bousaid. Ces relations \u00e9conomiques ne sont pas \u00e0 la [&hellip;]<\/p>\n","protected":false},"author":1775,"featured_media":0,"comment_status":"closed","ping_status":"closed","sticky":false,"template":"","format":"standard","meta":{"fifu_image_url":"http:\/\/0.gravatar.com\/avatar\/97f8e10a1c1125ba104a76514ee07b16?s=150&d=mm&r=g","fifu_image_alt":"Tunisie\/Alg\u00e9rie: \u00ab les relations \u00e9conomiques en de\u00e7\u00e0 des potentialit\u00e9s \u00bb","footnotes":""},"categories":[78,55],"tags":[],"class_list":["post-113572","post","type-post","status-publish","format-standard","hentry","category-economie","category-tunisie"],"_links":{"self":[{"href":"https:\/\/linitiative.ca\/International\/wp-json\/wp\/v2\/posts\/113572","targetHints":{"allow":["GET"]}}],"collection":[{"href":"https:\/\/linitiative.ca\/International\/wp-json\/wp\/v2\/posts"}],"about":[{"href":"https:\/\/linitiative.ca\/International\/wp-json\/wp\/v2\/types\/post"}],"author":[{"embeddable":true,"href":"https:\/\/linitiative.ca\/International\/wp-json\/wp\/v2\/users\/1775"}],"replies":[{"embeddable":true,"href":"https:\/\/linitiative.ca\/International\/wp-json\/wp\/v2\/comments?post=113572"}],"version-history":[{"count":0,"href":"https:\/\/linitiative.ca\/International\/wp-json\/wp\/v2\/posts\/113572\/revisions"}],"wp:attachment":[{"href":"https:\/\/linitiative.ca\/International\/wp-json\/wp\/v2\/media?parent=113572"}],"wp:term":[{"taxonomy":"category","embeddable":true,"href":"https:\/\/linitiative.ca\/International\/wp-json\/wp\/v2\/categories?post=113572"},{"taxonomy":"post_tag","embeddable":true,"href":"https:\/\/linitiative.ca\/International\/wp-json\/wp\/v2\/tags?post=113572"}],"curies":[{"name":"wp","href":"https:\/\/api.w.org\/{rel}","templated":true}]}}