{"id":113574,"date":"2021-03-23T09:20:09","date_gmt":"2021-03-23T13:20:09","guid":{"rendered":"https:\/\/linitiative.ca\/International\/deces-dabdessalem-zayan-larp-approuve-la-creation-dune-commission-denquete\/"},"modified":"2021-03-23T09:20:09","modified_gmt":"2021-03-23T13:20:09","slug":"deces-dabdessalem-zayan-larp-approuve-la-creation-dune-commission-denquete","status":"publish","type":"post","link":"https:\/\/linitiative.ca\/International\/deces-dabdessalem-zayan-larp-approuve-la-creation-dune-commission-denquete\/","title":{"rendered":"D\u00e9c\u00e8s d\u2019Abdessalem Zayan : l\u2019ARP approuve la cr\u00e9ation d\u2019une commission d\u2019enqu\u00eate"},"content":{"rendered":"<h2>R\u00e9unie en s\u00e9ance pl\u00e9ni\u00e8re, mardi,\u00a0<a href=\"http:\/\/www.arp.tn\/site\/main\/AR\/index.jsp\" target=\"_blank\" rel=\"noopener noreferrer\">l\u2019Assembl\u00e9e des repr\u00e9sentants du peuple (ARP)<\/a>\u00a0a approuv\u00e9 la cr\u00e9ation d\u2019une commission d\u2019enqu\u00eate parlementaire sur les circonstances du d\u00e9c\u00e8s d\u2019Abdessalem Zayan, apr\u00e8s son arrestation \u00e0 Sfax. La d\u00e9cision a \u00e9t\u00e9 approuv\u00e9e par 75 voix pour, une seule abstention et sans aucune objection.<\/h2>\n<p>Le bureau de l\u2019ARP avait d\u00e9cid\u00e9 la cr\u00e9ation de cette commission d\u2019enqu\u00eate sur les circonstances du d\u00e9c\u00e8s d\u2019Abdessalem Zayan. Et ce, \u00e0 initiative de plusieurs d\u00e9put\u00e9s et conform\u00e9ment \u00e0 l\u2019article 97 du r\u00e8glement int\u00e9rieur du parlement. La commission sera compos\u00e9e selon la repr\u00e9sentation proportionnelle des groupes parlementaires.<\/p>\n<p>En effet, rappelons que le jeune Abdessalem Zayan est mort le 2 mars 2021 \u00e0 la\u00a0<a href=\"http:\/\/www.leconomistemaghrebin.com\/2021\/02\/10\/ltdh-depose-plainte-syndicat-national-forces-securite-interieure-sfax\/\" target=\"_blank\" rel=\"noopener noreferrer\">prison civile de Sfax<\/a>. Il a \u00e9t\u00e9 arr\u00eat\u00e9 pour non-respect du couvre-feu. Le jeune homme est d\u00e9c\u00e9d\u00e9 durant son interpellation pour n\u2019avoir pas eu acc\u00e8s \u00e0 son traitement m\u00e9dical. Notons que le d\u00e9funt \u00e9tait diab\u00e9tique. Il n\u2019a pas pu en effet recevoir son traitement d\u2019insuline.<\/p>\n<p>Pour rappel, le d\u00e9c\u00e8s du jeune homme a suscit\u00e9 une vague d\u2019indignation et la mobilisation de sa famille, de ses proches et de ses amis. Des associations de la soci\u00e9t\u00e9 civile ont aussi r\u00e9clam\u00e9 l\u2019\u00e9tablissement de la v\u00e9rit\u00e9 sur les circonstances de sa mort.<\/p>\n<p>Sachant que le procureur de la R\u00e9publique pr\u00e8s le Tribunal de premi\u00e8re instance de Sfax2 a ordonn\u00e9 l\u2019ouverture d\u2019une enqu\u00eate sur les circonstances du d\u00e9c\u00e8s du jeune-homme.<\/p>\n<p><em>Avec TAP<\/em><\/p>\n<div class=\"wp-post-author-wrap wp-post-author-shortcode left\">\n<h3 class=\"awpa-title\"\/>\n<div class=\"wp-post-author\">\n<div class=\"awpa-img awpa-author-block square\"><a href=\"http:\/\/lexpertjournal.net\/fr\/?author=5\"><img loading=\"lazy\" decoding=\"async\" alt=\"\" src=\"http:\/\/0.gravatar.com\/avatar\/97f8e10a1c1125ba104a76514ee07b16?s=150&amp;d=mm&amp;r=g\" srcset=\"http:\/\/0.gravatar.com\/avatar\/97f8e10a1c1125ba104a76514ee07b16?s=300&amp;d=mm&amp;r=g 2x\" class=\"avatar avatar-150 photo\" height=\"150\" width=\"150\"\/><\/a><\/div>\n<\/div>\n<\/div>\n<aside class=\"mashsb-container mashsb-main mashsb-stretched\">\n<\/aside>\n<p>Auteur: L&rsquo;expert<br \/>\n<a href=\"http:\/\/lexpertjournal.net\/fr\/?p=19360\">Cliquez ici pour lire l&rsquo;article depuis sa source.<\/a><\/p>\n","protected":false},"excerpt":{"rendered":"<p>R\u00e9unie en s\u00e9ance pl\u00e9ni\u00e8re, mardi,\u00a0l\u2019Assembl\u00e9e des repr\u00e9sentants du peuple (ARP)\u00a0a approuv\u00e9 la cr\u00e9ation d\u2019une commission d\u2019enqu\u00eate parlementaire sur les circonstances du d\u00e9c\u00e8s d\u2019Abdessalem Zayan, apr\u00e8s son arrestation \u00e0 Sfax. La d\u00e9cision a \u00e9t\u00e9 approuv\u00e9e par 75 voix pour, une seule abstention et sans aucune objection. Le bureau de l\u2019ARP avait d\u00e9cid\u00e9 la cr\u00e9ation de cette [&hellip;]<\/p>\n","protected":false},"author":1775,"featured_media":0,"comment_status":"closed","ping_status":"closed","sticky":false,"template":"","format":"standard","meta":{"fifu_image_url":"http:\/\/0.gravatar.com\/avatar\/97f8e10a1c1125ba104a76514ee07b16?s=150&d=mm&r=g","fifu_image_alt":"D\u00e9c\u00e8s d\u2019Abdessalem Zayan : l\u2019ARP approuve la cr\u00e9ation d\u2019une commission d\u2019enqu\u00eate","footnotes":""},"categories":[78,55],"tags":[],"class_list":["post-113574","post","type-post","status-publish","format-standard","hentry","category-economie","category-tunisie"],"_links":{"self":[{"href":"https:\/\/linitiative.ca\/International\/wp-json\/wp\/v2\/posts\/113574","targetHints":{"allow":["GET"]}}],"collection":[{"href":"https:\/\/linitiative.ca\/International\/wp-json\/wp\/v2\/posts"}],"about":[{"href":"https:\/\/linitiative.ca\/International\/wp-json\/wp\/v2\/types\/post"}],"author":[{"embeddable":true,"href":"https:\/\/linitiative.ca\/International\/wp-json\/wp\/v2\/users\/1775"}],"replies":[{"embeddable":true,"href":"https:\/\/linitiative.ca\/International\/wp-json\/wp\/v2\/comments?post=113574"}],"version-history":[{"count":0,"href":"https:\/\/linitiative.ca\/International\/wp-json\/wp\/v2\/posts\/113574\/revisions"}],"wp:attachment":[{"href":"https:\/\/linitiative.ca\/International\/wp-json\/wp\/v2\/media?parent=113574"}],"wp:term":[{"taxonomy":"category","embeddable":true,"href":"https:\/\/linitiative.ca\/International\/wp-json\/wp\/v2\/categories?post=113574"},{"taxonomy":"post_tag","embeddable":true,"href":"https:\/\/linitiative.ca\/International\/wp-json\/wp\/v2\/tags?post=113574"}],"curies":[{"name":"wp","href":"https:\/\/api.w.org\/{rel}","templated":true}]}}