{"id":113576,"date":"2021-03-23T11:40:00","date_gmt":"2021-03-23T15:40:00","guid":{"rendered":"https:\/\/linitiative.ca\/International\/confirmation-de-6-nouveaux-cas-de-variant-britannique-et-15-autres-de-variant-nigerian\/"},"modified":"2021-03-23T11:40:00","modified_gmt":"2021-03-23T15:40:00","slug":"confirmation-de-6-nouveaux-cas-de-variant-britannique-et-15-autres-de-variant-nigerian","status":"publish","type":"post","link":"https:\/\/linitiative.ca\/International\/confirmation-de-6-nouveaux-cas-de-variant-britannique-et-15-autres-de-variant-nigerian\/","title":{"rendered":"Confirmation de 6 nouveaux cas de variant britannique et 15 autres de variant nig\u00e9rian"},"content":{"rendered":"<div id=\"originalText\" readability=\"66\">\n<p>L\u2019institut Pasteur d&rsquo;Alg\u00e9rie a confirm\u00e9, ce mardi, dans un communiqu\u00e9, la contamination de six personnes par le variant britannique (B.1.1.7) et quinze autres par le variant nig\u00e9rian (B.1.525).<\/p>\n<p class=\"c6\">Pour les six cas confirm\u00e9s du variant britannique (B.1.1.7), deux cas ont \u00e9t\u00e9 enregistr\u00e9s \u00e0 Alger, deux cas \u00e0 Blida, un \u00e0 Tizi-Ouzou et un autre Ain Defla, indique le communiqu\u00e9.<\/p>\n<p class=\"c6\">Quant aux 15 personnes contamin\u00e9es au variant nig\u00e9rian (B.1.525), huit cas ont \u00e9t\u00e9 confirm\u00e9s \u00e0 Alger, dont deux de la m\u00eame famille, deux cas de la wilaya de Ouargla (Hassi Messaoud), un cas de la wilaya de B\u00e9ja\u00efa et quatre cas de la wilaya d\u2019Illizi (In Amenas)\u00a0\u00bb, ajoute le m\u00eame communiqu\u00e9.<\/p>\n<p class=\"c6\">L\u2019institut Pasteur d&rsquo;Alg\u00e9rie invite par ailleurs les citoyens \u00e0 respecter \u00ab\u00a0les mesures barri\u00e8res, dans le cadre du protocole sanitaire (Distanciation physique, Port du masque de protection, Lavage fr\u00e9quent des mains), reste toujours le meilleur garant pour stopper la propagation du virus et l\u2019apparition de nouveaux cas\u00a0\u00bb.<\/p>\n<p class=\"c6\">L\u2019institut a en outre ajout\u00e9 que ces statistiques se font dans \u00ab\u00a0la continuit\u00e9 des activit\u00e9s de s\u00e9quen\u00e7age des virus SARS-CoV-2 mises en place par l\u2019Institut Pasteur d\u2019Alg\u00e9rie dans le contexte de surveillance des variants circulant actuellement dans le monde\u00a0\u00bb.<\/p>\n<p class=\"c6\">\u00a0<\/p>\n<p class=\"c7\"><strong>R\u00e9daction WEB<\/strong><\/p>\n<\/div>\n<div id=\"text_core\" readability=\"66\">\n<p>L\u2019institut Pasteur d&rsquo;Alg\u00e9rie a confirm\u00e9, ce mardi, dans un communiqu\u00e9, la contamination de six personnes par le variant britannique (B.1.1.7) et quinze autres par le variant nig\u00e9rian (B.1.525).<\/p>\n<p class=\"c6\">Pour les six cas confirm\u00e9s du variant britannique (B.1.1.7), deux cas ont \u00e9t\u00e9 enregistr\u00e9s \u00e0 Alger, deux cas \u00e0 Blida, un \u00e0 Tizi-Ouzou et un autre Ain Defla, indique le communiqu\u00e9.<\/p>\n<p class=\"c6\">Quant aux 15 personnes contamin\u00e9es au variant nig\u00e9rian (B.1.525), huit cas ont \u00e9t\u00e9 confirm\u00e9s \u00e0 Alger, dont deux de la m\u00eame famille, deux cas de la wilaya de Ouargla (Hassi Messaoud), un cas de la wilaya de B\u00e9ja\u00efa et quatre cas de la wilaya d\u2019Illizi (In Amenas)\u00a0\u00bb, ajoute le m\u00eame communiqu\u00e9.<\/p>\n<p class=\"c6\">L\u2019institut Pasteur d&rsquo;Alg\u00e9rie invite par ailleurs les citoyens \u00e0 respecter \u00ab\u00a0les mesures barri\u00e8res, dans le cadre du protocole sanitaire (Distanciation physique, Port du masque de protection, Lavage fr\u00e9quent des mains), reste toujours le meilleur garant pour stopper la propagation du virus et l\u2019apparition de nouveaux cas\u00a0\u00bb.<\/p>\n<p class=\"c6\">L\u2019institut a en outre ajout\u00e9 que ces statistiques se font dans \u00ab\u00a0la continuit\u00e9 des activit\u00e9s de s\u00e9quen\u00e7age des virus SARS-CoV-2 mises en place par l\u2019Institut Pasteur d\u2019Alg\u00e9rie dans le contexte de surveillance des variants circulant actuellement dans le monde\u00a0\u00bb.<\/p>\n<p class=\"c6\">\u00a0<\/p>\n<p class=\"c7\"><strong>R\u00e9daction WEB<\/strong><\/p>\n<\/div>\n<p>Auteur:<br \/>\n<a href=\"https:\/\/www.liberte-algerie.com\/actualite\/confirmation-de-6-nouveaux-cas-de-variant-britannique-et-15-autres-de-variant-nigerian-356036\">Cliquez ici pour lire l&rsquo;article depuis sa source.<\/a><\/p>\n","protected":false},"excerpt":{"rendered":"<p>L\u2019institut Pasteur d&rsquo;Alg\u00e9rie a confirm\u00e9, ce mardi, dans un communiqu\u00e9, la contamination de six personnes par le variant britannique (B.1.1.7) et quinze autres par le variant nig\u00e9rian (B.1.525). Pour les six cas confirm\u00e9s du variant britannique (B.1.1.7), deux cas ont \u00e9t\u00e9 enregistr\u00e9s \u00e0 Alger, deux cas \u00e0 Blida, un \u00e0 Tizi-Ouzou et un autre Ain [&hellip;]<\/p>\n","protected":false},"author":1742,"featured_media":0,"comment_status":"closed","ping_status":"closed","sticky":false,"template":"","format":"standard","meta":{"fifu_image_url":"","fifu_image_alt":"","footnotes":""},"categories":[73,53],"tags":[],"class_list":["post-113576","post","type-post","status-publish","format-standard","hentry","category-actualite","category-algerie"],"_links":{"self":[{"href":"https:\/\/linitiative.ca\/International\/wp-json\/wp\/v2\/posts\/113576","targetHints":{"allow":["GET"]}}],"collection":[{"href":"https:\/\/linitiative.ca\/International\/wp-json\/wp\/v2\/posts"}],"about":[{"href":"https:\/\/linitiative.ca\/International\/wp-json\/wp\/v2\/types\/post"}],"author":[{"embeddable":true,"href":"https:\/\/linitiative.ca\/International\/wp-json\/wp\/v2\/users\/1742"}],"replies":[{"embeddable":true,"href":"https:\/\/linitiative.ca\/International\/wp-json\/wp\/v2\/comments?post=113576"}],"version-history":[{"count":0,"href":"https:\/\/linitiative.ca\/International\/wp-json\/wp\/v2\/posts\/113576\/revisions"}],"wp:attachment":[{"href":"https:\/\/linitiative.ca\/International\/wp-json\/wp\/v2\/media?parent=113576"}],"wp:term":[{"taxonomy":"category","embeddable":true,"href":"https:\/\/linitiative.ca\/International\/wp-json\/wp\/v2\/categories?post=113576"},{"taxonomy":"post_tag","embeddable":true,"href":"https:\/\/linitiative.ca\/International\/wp-json\/wp\/v2\/tags?post=113576"}],"curies":[{"name":"wp","href":"https:\/\/api.w.org\/{rel}","templated":true}]}}