{"id":113578,"date":"2021-03-23T09:45:07","date_gmt":"2021-03-23T13:45:07","guid":{"rendered":"https:\/\/linitiative.ca\/International\/la-campagne-de-don-du-sang-de-luca-fait-escale-a-la-fst\/"},"modified":"2021-03-23T09:45:07","modified_gmt":"2021-03-23T13:45:07","slug":"la-campagne-de-don-du-sang-de-luca-fait-escale-a-la-fst","status":"publish","type":"post","link":"https:\/\/linitiative.ca\/International\/la-campagne-de-don-du-sang-de-luca-fait-escale-a-la-fst\/","title":{"rendered":"La campagne de don du sang de l\u2019UCA fait escale \u00e0 la FST"},"content":{"rendered":"<div readability=\"35\">\n<p>Marrakech \u2013 La campagne annuelle de don du sang de l\u2019Universit\u00e9 Cadi Ayyad (UCA) de Marrakech a fait escale lundi et mardi, \u00e0 la Facult\u00e9 des Sciences Techniques (FST) relevant de ladite universit\u00e9.<\/p>\n<\/div>\n<div readability=\"108\">\n<p>Organis\u00e9e par le Centre de l\u2019Enseignement Inclusif et de responsabilit\u00e9 Sociale (CEIRS-UCA) relevant de l\u2019UCA, en partenariat avec la Direction r\u00e9gionale de la Sant\u00e9 et le Centre R\u00e9gional de Transfusion Sanguine (CRTS) \u00e0 Marrakech, cette initiative solidaire et humaine vise \u00e0 renflouer les stocks de sang notamment en cette conjoncture exceptionnelle li\u00e9e \u00e0 la Covid-19 marqu\u00e9e par un d\u00e9ficit en cette mati\u00e8re vitale et une baisse du nombre de donneurs.<\/p>\n<p>Cette campagne solidaire illustre \u00e9loquemment la strat\u00e9gie de responsabilit\u00e9 sociale de l\u2019universit\u00e9 (RSU) ainsi que son ouverture sur son environnement socio-\u00e9conomique.<\/p>\n<p>Dans une d\u00e9claration \u00e0 la MAP \u00e0 cette occasion, la directrice du CEIRS-UCA, Mme Samia Berrada s\u2019est r\u00e9jouie de la forte affluence des \u00e9tudiants, des cadres administratifs et des enseignants de la FST, faisant savoir que la premi\u00e8re journ\u00e9e de cette campagne a permis de collecter 136 poches de sang, \u00ab\u00a0un nombre au-dessus des attentes exprim\u00e9es\u00a0\u00bb, s\u2019est-elle f\u00e9licit\u00e9e.<\/p>\n<p>Par ailleurs, Mme Berrada, \u00e9galement enseignante universitaire \u00e0 la FST, a relev\u00e9 que cette initiative solidaire et humaine, qui a \u00e9t\u00e9 \u00e9tendue cette ann\u00e9e aux 14 \u00e9tablissements relevant de l\u2019UCA, vise \u00e0 promouvoir aupr\u00e8s des \u00e9tudiants de l\u2019Universit\u00e9, les valeurs de solidarit\u00e9 et de citoyennet\u00e9 et \u00e0 d\u00e9velopper chez eux, le sens de la responsabilit\u00e9 sociale qui leur est inculqu\u00e9 pour devenir des professionnels et des citoyens actifs et responsables, attentifs aux cons\u00e9quences environnementales, sociales et \u00e9thiques de leurs actions et de leurs d\u00e9cisions.<\/p>\n<p>Dans ce sens, elle a \u00e9mis le v\u0153u de voir cette campagne humaine parvenir \u00e0 combler le d\u00e9ficit en cette mati\u00e8re vitale au niveau du CRTS de Marrakech, qui fournit le sang aux diff\u00e9rents centres de sant\u00e9 de la r\u00e9gion.<\/p>\n<p>Dans une d\u00e9claration similaire, Hajjar, une \u00e9tudiante \u00e0 la FST, a indiqu\u00e9 qu\u2019elle participe pour la deuxi\u00e8me ann\u00e9e cons\u00e9cutive \u00e0 cette campagne aux vis\u00e9es nobles et humaines, faisant part d\u2019une forte implication des \u00e9tudiants dans cette initiative solidaire, qui repr\u00e9sente pour elle, \u00ab\u00a0un devoir national\u00a0\u00bb et \u00ab\u00a0un geste hautement symbolique qui permettra de sauver des vies humaines\u00a0\u00bb.<\/p>\n<p>Cette campagne, organis\u00e9e pour la 7\u00e8me ann\u00e9e cons\u00e9cutive, se poursuivra tout au long de l\u2019ann\u00e9e dans les diff\u00e9rents \u00e9tablissements relevant de l\u2019Universit\u00e9, selon un programme annuel pr\u00e9\u00e9tabli.<\/p>\n<p>Cette initiative noble qui se d\u00e9roule dans le respect total des mesures sanitaires prises dans le cadre de la gestion de la pand\u00e9mie de la Covid-19, vise \u00e0 contribuer \u00e0 sauver de nombreuses vies humaines et \u00e0 renforcer le stock de sang, dont la demande ne cesse d\u2019augmenter.<\/p>\n<p>Cette campagne a \u00e9t\u00e9 lanc\u00e9e, les 4 et 5 mars courant \u00e0 l\u2019\u00c9cole Normale Sup\u00e9rieure (ENS) de Marrakech et les 15 et 16 mars courant au Centre universitaire d\u2019El Kela\u00e2 des Sraghna, sous le th\u00e8me \u00ab\u00a0Un petit geste peut sauver des vies\u00a0\u00bb.<\/p>\n<p>A rappeler que les campagnes pr\u00e9c\u00e9dentes de don de sang organis\u00e9es depuis 2014 par l\u2019UCA ont \u00e9t\u00e9 \u00ab\u00a0un franc succ\u00e8s\u00a0\u00bb, avec un engouement des donneurs parmi les responsables de l\u2019Universit\u00e9, les enseignants- chercheurs, les \u00e9tudiants et le corps administratif et technique.<\/p>\n<\/div>\n<p>Auteur: Meriem IGASS<br \/>\n<a href=\"http:\/\/www.mapmarrakech.ma\/fr\/la-campagne-de-don-du-sang-de-luca-fait-escale-a-la-fst\/\">Cliquez ici pour lire l&rsquo;article depuis sa source.<\/a><\/p>\n","protected":false},"excerpt":{"rendered":"<p>Marrakech \u2013 La campagne annuelle de don du sang de l\u2019Universit\u00e9 Cadi Ayyad (UCA) de Marrakech a fait escale lundi et mardi, \u00e0 la Facult\u00e9 des Sciences Techniques (FST) relevant de ladite universit\u00e9. Organis\u00e9e par le Centre de l\u2019Enseignement Inclusif et de responsabilit\u00e9 Sociale (CEIRS-UCA) relevant de l\u2019UCA, en partenariat avec la Direction r\u00e9gionale de [&hellip;]<\/p>\n","protected":false},"author":1788,"featured_media":0,"comment_status":"closed","ping_status":"closed","sticky":false,"template":"","format":"standard","meta":{"fifu_image_url":"","fifu_image_alt":"","footnotes":""},"categories":[54,76],"tags":[],"class_list":["post-113578","post","type-post","status-publish","format-standard","hentry","category-maroc","category-regions"],"_links":{"self":[{"href":"https:\/\/linitiative.ca\/International\/wp-json\/wp\/v2\/posts\/113578","targetHints":{"allow":["GET"]}}],"collection":[{"href":"https:\/\/linitiative.ca\/International\/wp-json\/wp\/v2\/posts"}],"about":[{"href":"https:\/\/linitiative.ca\/International\/wp-json\/wp\/v2\/types\/post"}],"author":[{"embeddable":true,"href":"https:\/\/linitiative.ca\/International\/wp-json\/wp\/v2\/users\/1788"}],"replies":[{"embeddable":true,"href":"https:\/\/linitiative.ca\/International\/wp-json\/wp\/v2\/comments?post=113578"}],"version-history":[{"count":0,"href":"https:\/\/linitiative.ca\/International\/wp-json\/wp\/v2\/posts\/113578\/revisions"}],"wp:attachment":[{"href":"https:\/\/linitiative.ca\/International\/wp-json\/wp\/v2\/media?parent=113578"}],"wp:term":[{"taxonomy":"category","embeddable":true,"href":"https:\/\/linitiative.ca\/International\/wp-json\/wp\/v2\/categories?post=113578"},{"taxonomy":"post_tag","embeddable":true,"href":"https:\/\/linitiative.ca\/International\/wp-json\/wp\/v2\/tags?post=113578"}],"curies":[{"name":"wp","href":"https:\/\/api.w.org\/{rel}","templated":true}]}}