{"id":113579,"date":"2021-03-23T09:51:00","date_gmt":"2021-03-23T13:51:00","guid":{"rendered":"https:\/\/linitiative.ca\/International\/lengagement-citoyen-necessaire-pour-la-preservation-des-ressources-en-eau\/"},"modified":"2021-03-23T09:51:00","modified_gmt":"2021-03-23T13:51:00","slug":"lengagement-citoyen-necessaire-pour-la-preservation-des-ressources-en-eau","status":"publish","type":"post","link":"https:\/\/linitiative.ca\/International\/lengagement-citoyen-necessaire-pour-la-preservation-des-ressources-en-eau\/","title":{"rendered":"L\u2019engagement citoyen n\u00e9cessaire pour la pr\u00e9servation des ressources en eau"},"content":{"rendered":"<p class=\"c4\">L\u2019engagement citoyen en mati\u00e8re de gestion des ressources en eau est n\u00e9cessaire pour la protection et la pr\u00e9servation de l\u2019eau au Maroc, a indiqu\u00e9 lundi \u00e0 Rabat le ministre de l\u2019\u00e9quipement, des transports, de la logistique et de l\u2019eau, Abdelkader Amara.<\/p>\n<p class=\"c4\">Intervenant lors d\u2019un atelier autour de l\u2019eau organis\u00e9 par le minist\u00e8re de l\u2019\u00e9quipement, des transports, de la logistique et de l\u2019eau \u00e0 l\u2019occasion de la Journ\u00e9e mondiale de l\u2019eau (22 mars), M. Amara a soulign\u00e9 que toute personne est impliqu\u00e9e dans la gestion des ressources en eau, d\u2019o\u00f9 les citoyens sont appel\u00e9s \u00e0 faire preuve de responsabilit\u00e9 et de patriotisme dans l\u2019utilisation de cette ressource vitale.<\/p>\n<p class=\"c4\">Il a \u00e0 cet \u00e9gard mis en avant la vision proactive de feu Sa Majest\u00e9 le Roi Hassan II, une orientation qui a \u00e9t\u00e9 consolid\u00e9e sous la conduite de Sa Majest\u00e9 le Roi Mohammed VI en termes d\u2019infrastructures hydriques.<\/p>\n<p class=\"c4\">Le ministre a dans ce contexte rappel\u00e9 le lancement programm\u00e9 en 2021 des chantiers de cinq grands nouveaux barrages, pour une enveloppe budg\u00e9taire globale estim\u00e9e \u00e0 4,8 MMDH et une capacit\u00e9 de 525 millions de m3, rappelant que le Maroc dispose de 149 grands barrages d\u2019une capacit\u00e9 de plus de 19 milliards m3 et 133 petits barrages en exploitation.<\/p>\n<p class=\"c4\">\u00ab\u00a0La loi 36-15 relative \u00e0 l\u2019eau, le plan national de l\u2019eau 2020-2050 et programme national pour l\u2019approvisionnement en eau potable et l\u2019irrigation (PNAEPI) 2020-2027, constituent les principales feuilles de route du Royaume en mati\u00e8re de gestion des ressources en eau\u00a0\u00bb, a soulign\u00e9 M. Amara.<\/p>\n<p class=\"c4\">Par ailleurs, il a vivement salu\u00e9 les comp\u00e9tences f\u00e9minines du minist\u00e8re ainsi que la contribution de la femme marocaine dans la mise en place et la r\u00e9alisation des programmes et des projets hydrauliques.<\/p>\n<p class=\"c4\">Pour sa part, l\u2019ing\u00e9nieure g\u00e9n\u00e9rale \u00e0 la direction g\u00e9n\u00e9rale de l\u2019eau Touria El Afti a rappel\u00e9, lors d\u2019une pr\u00e9sentation sur \u00ab\u00a0la valeur de l\u2019eau et les r\u00e9alisations hydrauliques\u00a0\u00bb, l\u2019adoption par l\u2019Assembl\u00e9e g\u00e9n\u00e9rale des Nations unies le 28 juillet 2010, de la r\u00e9solution intitul\u00e9e \u00ab\u00a0le droit de l\u2019Homme \u00e0 l\u2019eau et \u00e0 l\u2019assainissement\u00a0\u00bb,\u00a0\u00a0faisant de l\u2019acc\u00e8s\u00a0l\u2019eau et \u00e0 l\u2019assainissement une partie int\u00e9grante de la r\u00e9alisation de tous les droits humains.<\/p>\n<p class=\"c4\">De m\u00eame, la Constitution de 2011 stipule dans son article 31 que l\u2019Etat, les \u00e9tablissements publics et les collectivit\u00e9s territoriales \u0153uvrent \u00e0 la mobilisation de tous les moyens disponibles pour faciliter l\u2019\u00e9gal acc\u00e8s des citoyennes et des citoyens aux conditions de jouir du droit (\u2026) \u00e0 l\u2019acc\u00e8s \u00e0 l\u2019eau et \u00e0 un environnement sain, poursuit la responsable.<\/p>\n<p class=\"c4\">\u00ab\u00a0Les grands barrages jouent un r\u00f4le important sur les plans socio-\u00e9conomiques\u00a0\u00bb, a estim\u00e9 l\u2019ing\u00e9nieure, mettant en \u00e9vidence le lancement du programme de r\u00e9alisation des petits barrages et lacs collinaires en 1985 ainsi que le programme d\u2019approvisionnement group\u00e9 en eau potable des populations rurales en 1995.<\/p>\n<p class=\"c4\">\u00ab\u00a0La valeur sociale de l\u2019eau devient de plus en plus importante chez les Marocains, particuli\u00e8rement en milieu rural\u00a0\u00bb, a indiqu\u00e9 Mme El Afti, qui a mis l\u2019accent sur les effets induits chez la population rurale, tels que la scolarisation des enfants, la limitation des d\u00e9g\u00e2ts dus aux inondations, la baisse de l\u2019exode rural.<\/p>\n<p class=\"c4\">Cet \u00e9v\u00e8nement a \u00e9t\u00e9 marqu\u00e9 par la participation de comp\u00e9tences f\u00e9minines relevant du minist\u00e8re de l\u2019\u00e9quipement, des transports, de la logistique et de l\u2019eau, notamment celles \u0153uvrant dans le domaine de l\u2019eau. Il s\u2019agit d\u2019une mani\u00e8re particuli\u00e8re pour le minist\u00e8re de c\u00e9l\u00e9brer cette journ\u00e9e mondiale en valorisant l\u2019eau par l\u2019importante contribution de la femme marocaine dans la mise en place et la r\u00e9alisation des programmes et des projets hydrauliques du Royaume.<\/p>\n<p class=\"c4\">A la fin de l\u2019atelier, M. Amara a proc\u00e9d\u00e9 \u00e0 l\u2019installation de Mme Hanane Baghdad d\u00e9sign\u00e9e \u00e0 la t\u00eate de la direction provisoire du complexe hydraulique B\u00e9ni Mansour-Dar Mimoun Bouhmed.<\/p>\n<p>Auteur: Soufiane ELAHMAR<br \/>\n<a href=\"http:\/\/www.mapoujda.ma\/fr\/lengagement-citoyen-necessaire-pour-la-preservation-des-ressources-en-eau\/\">Cliquez ici pour lire l&rsquo;article depuis sa source.<\/a><\/p>\n","protected":false},"excerpt":{"rendered":"<p>L\u2019engagement citoyen en mati\u00e8re de gestion des ressources en eau est n\u00e9cessaire pour la protection et la pr\u00e9servation de l\u2019eau au Maroc, a indiqu\u00e9 lundi \u00e0 Rabat le ministre de l\u2019\u00e9quipement, des transports, de la logistique et de l\u2019eau, Abdelkader Amara. Intervenant lors d\u2019un atelier autour de l\u2019eau organis\u00e9 par le minist\u00e8re de l\u2019\u00e9quipement, des [&hellip;]<\/p>\n","protected":false},"author":1788,"featured_media":0,"comment_status":"closed","ping_status":"closed","sticky":false,"template":"","format":"standard","meta":{"fifu_image_url":"","fifu_image_alt":"","footnotes":""},"categories":[54,76],"tags":[],"class_list":["post-113579","post","type-post","status-publish","format-standard","hentry","category-maroc","category-regions"],"_links":{"self":[{"href":"https:\/\/linitiative.ca\/International\/wp-json\/wp\/v2\/posts\/113579","targetHints":{"allow":["GET"]}}],"collection":[{"href":"https:\/\/linitiative.ca\/International\/wp-json\/wp\/v2\/posts"}],"about":[{"href":"https:\/\/linitiative.ca\/International\/wp-json\/wp\/v2\/types\/post"}],"author":[{"embeddable":true,"href":"https:\/\/linitiative.ca\/International\/wp-json\/wp\/v2\/users\/1788"}],"replies":[{"embeddable":true,"href":"https:\/\/linitiative.ca\/International\/wp-json\/wp\/v2\/comments?post=113579"}],"version-history":[{"count":0,"href":"https:\/\/linitiative.ca\/International\/wp-json\/wp\/v2\/posts\/113579\/revisions"}],"wp:attachment":[{"href":"https:\/\/linitiative.ca\/International\/wp-json\/wp\/v2\/media?parent=113579"}],"wp:term":[{"taxonomy":"category","embeddable":true,"href":"https:\/\/linitiative.ca\/International\/wp-json\/wp\/v2\/categories?post=113579"},{"taxonomy":"post_tag","embeddable":true,"href":"https:\/\/linitiative.ca\/International\/wp-json\/wp\/v2\/tags?post=113579"}],"curies":[{"name":"wp","href":"https:\/\/api.w.org\/{rel}","templated":true}]}}