{"id":113580,"date":"2021-03-23T13:57:55","date_gmt":"2021-03-23T17:57:55","guid":{"rendered":"https:\/\/linitiative.ca\/International\/aeroport-de-nador-baisse-de-4148-du-trafic-passagers-a-fin-fevrier\/"},"modified":"2021-03-23T13:57:55","modified_gmt":"2021-03-23T17:57:55","slug":"aeroport-de-nador-baisse-de-4148-du-trafic-passagers-a-fin-fevrier","status":"publish","type":"post","link":"https:\/\/linitiative.ca\/International\/aeroport-de-nador-baisse-de-4148-du-trafic-passagers-a-fin-fevrier\/","title":{"rendered":"A\u00e9roport de Nador: Baisse de 41,48% du trafic passagers \u00e0 fin f\u00e9vrier"},"content":{"rendered":"<p class=\"c4\">Le nombre de passagers qui ont utilis\u00e9 l\u2019a\u00e9roport de Nador-Al Aroui durant les deux premiers mois de cette ann\u00e9e a connu une baisse de 41,48 % par rapport \u00e0 la m\u00eame p\u00e9riode de l\u2019ann\u00e9e 2020.<\/p>\n<p class=\"c4\">Les statistiques de l\u2019Office national des a\u00e9roports (ONDA) montrent que les passagers ayant transit\u00e9 via cet a\u00e9roport \u00e0 fin f\u00e9vrier 2021 sont au nombre de 64.994, contre 111.062 durant la m\u00eame p\u00e9riode de 2020, avec une part \u00e9valu\u00e9e \u00e0 6,11%.<\/p>\n<p class=\"c4\">Pour le seul mois de f\u00e9vrier dernier, le nombre de passagers enregistr\u00e9s au niveau de l\u2019a\u00e9roport de Nador a atteint 28.148 voyageurs contre 55.313 passagers durant le m\u00eame mois de l\u2019ann\u00e9e \u00e9coul\u00e9e, soit une diminution de 49,11, avec une part \u00e9valu\u00e9e \u00e0 6,70 %.<\/p>\n<p class=\"c4\">Ce r\u00e9sultat place cette plateforme a\u00e9roportuaire \u00e0 la 4\u00e8me place \u00e0 l\u2019\u00e9chelon national et au premier rang sur le plan r\u00e9gional devant l\u2019a\u00e9roport Oujda-Angad et celui de Bouarfa.<\/p>\n<p class=\"c4\">La ville de Nador est desservie \u00e0 partir de plusieurs a\u00e9roports notamment Bruxelles et Charleroi (Belgique), Amsterdam (Pays-Bas), Paris, Marseille et Montpellier (France), Madrid, Barcelone, Majorque et G\u00e9rone (Espagne), Francfort, Cologne et Dusseldorf (Allemagne).<\/p>\n<p class=\"c4\">Les a\u00e9roports du Royaume ont enregistr\u00e9 en f\u00e9vrier 2021 un volume de trafic commercial passager de 420.384 passagers, contre 1.952.145 accueillis en f\u00e9vrier 2020, soit une baisse de l\u2019ordre de 78,47% par rapport \u00e0 la m\u00eame p\u00e9riode de l\u2019ann\u00e9e 2020.<\/p>\n<p>Auteur: Soufiane ELAHMAR<br \/>\n<a href=\"http:\/\/www.mapoujda.ma\/fr\/aeroport-de-nador-baisse-de-4148-du-trafic-passagers-a-fin-fevrier\/\">Cliquez ici pour lire l&rsquo;article depuis sa source.<\/a><\/p>\n","protected":false},"excerpt":{"rendered":"<p>Le nombre de passagers qui ont utilis\u00e9 l\u2019a\u00e9roport de Nador-Al Aroui durant les deux premiers mois de cette ann\u00e9e a connu une baisse de 41,48 % par rapport \u00e0 la m\u00eame p\u00e9riode de l\u2019ann\u00e9e 2020. Les statistiques de l\u2019Office national des a\u00e9roports (ONDA) montrent que les passagers ayant transit\u00e9 via cet a\u00e9roport \u00e0 fin f\u00e9vrier [&hellip;]<\/p>\n","protected":false},"author":1788,"featured_media":0,"comment_status":"closed","ping_status":"closed","sticky":false,"template":"","format":"standard","meta":{"fifu_image_url":"","fifu_image_alt":"","footnotes":""},"categories":[54,76],"tags":[],"class_list":["post-113580","post","type-post","status-publish","format-standard","hentry","category-maroc","category-regions"],"_links":{"self":[{"href":"https:\/\/linitiative.ca\/International\/wp-json\/wp\/v2\/posts\/113580","targetHints":{"allow":["GET"]}}],"collection":[{"href":"https:\/\/linitiative.ca\/International\/wp-json\/wp\/v2\/posts"}],"about":[{"href":"https:\/\/linitiative.ca\/International\/wp-json\/wp\/v2\/types\/post"}],"author":[{"embeddable":true,"href":"https:\/\/linitiative.ca\/International\/wp-json\/wp\/v2\/users\/1788"}],"replies":[{"embeddable":true,"href":"https:\/\/linitiative.ca\/International\/wp-json\/wp\/v2\/comments?post=113580"}],"version-history":[{"count":0,"href":"https:\/\/linitiative.ca\/International\/wp-json\/wp\/v2\/posts\/113580\/revisions"}],"wp:attachment":[{"href":"https:\/\/linitiative.ca\/International\/wp-json\/wp\/v2\/media?parent=113580"}],"wp:term":[{"taxonomy":"category","embeddable":true,"href":"https:\/\/linitiative.ca\/International\/wp-json\/wp\/v2\/categories?post=113580"},{"taxonomy":"post_tag","embeddable":true,"href":"https:\/\/linitiative.ca\/International\/wp-json\/wp\/v2\/tags?post=113580"}],"curies":[{"name":"wp","href":"https:\/\/api.w.org\/{rel}","templated":true}]}}